{"id":3837,"date":"2014-05-09T08:14:28","date_gmt":"2014-05-09T13:14:28","guid":{"rendered":"http:\/\/damas.laiglesiadelacomunidad.com\/?p=3837"},"modified":"2014-05-09T08:15:43","modified_gmt":"2014-05-09T13:15:43","slug":"proverbios-22","status":"publish","type":"post","link":"http:\/\/damas.laiglesiadelacomunidad.com\/?p=3837","title":{"rendered":"Proverbios"},"content":{"rendered":"<div class=\"q\" style=\"color: #444444;\"><span class=\"verse v21\" data-usfm=\"PRO.25.21\"><span class=\"content\">Si el que te odia tiene hambre, dale de comer;<\/span><\/span><\/div>\n<div class=\"q\" style=\"color: #444444;\"><span class=\"verse v21\" data-usfm=\"PRO.25.21\">y si tiene sed, dale de beber.<\/span><\/div>\n<div class=\"q\" style=\"color: #444444;\">As\u00ed har\u00e1s que se averg\u00fcence de su conducta,<\/div>\n<div class=\"q\" style=\"color: #444444;\"><span class=\"verse v22\" data-usfm=\"PRO.25.22\">y el Se\u00f1or habr\u00e1 de recompensarte.<\/span><\/div>\n<div class=\"q\" style=\"color: #444444;\">\n<div class=\"q\"><span class=\"verse v24\" data-usfm=\"PRO.25.24\"><span class=\"content\">Es mejor vivir en un rinc\u00f3n del techo<\/span><\/span><\/div>\n<div class=\"q\"><span class=\"verse v24\" data-usfm=\"PRO.25.24\">que convivir con una mujer pendenciera. <\/span><\/div>\n<div class=\"q\"><span class=\"verse v24\" data-usfm=\"PRO.25.24\">Prov. 25:21-22, 24<\/span><\/div>\n<div class=\"q\"><\/div>\n<p><\/p>\n<div class=\"q\">\n<div class=\"q\"><span class=\"verse v1\" data-usfm=\"PRO.26.1\">No conviene la nieve en el verano,<\/span><\/div>\n<div class=\"q\"><span class=\"verse v1\" data-usfm=\"PRO.26.1\">ni la lluvia en el tiempo de la siega,<\/span><\/div>\n<div class=\"q\"><span class=\"verse v1\" data-usfm=\"PRO.26.1\">ni colmar de honores al necio.<\/span><\/div>\n<div class=\"q\">\n<div class=\"q\"><span class=\"verse v4\" data-usfm=\"PRO.26.4\"><span class=\"content\">Nunca respondas al necio con necedades,<\/span><\/span><\/div>\n<div class=\"q\"><span class=\"verse v4\" data-usfm=\"PRO.26.4\">para que no resultes ser otro necio.<\/span><\/div>\n<div class=\"q\"><span class=\"verse v5\" data-usfm=\"PRO.26.5\"><span class=\"content\">Responde al necio conforme a su necedad,<\/span><\/span><\/div>\n<div class=\"q\"><span class=\"verse v5\" data-usfm=\"PRO.26.5\">para que no se crea demasiado sabio.<\/span><\/div>\n<div class=\"q\">\n<div class=\"q\"><span class=\"verse v17\" data-usfm=\"PRO.26.17\"><span class=\"content\">Dejarse llevar del enojo en un pleito ajeno<\/span><\/span><\/div>\n<div class=\"q\"><span class=\"verse v17\" data-usfm=\"PRO.26.17\">es como querer sujetar a un perro por las orejas.<\/span><\/div>\n<div class=\"q\">\n<div class=\"q\"><span class=\"verse v26\" data-usfm=\"PRO.26.26\"><span class=\"content\">Aunque el odio se encubra con disimulo,<\/span><\/span><\/div>\n<div class=\"q\"><span class=\"verse v26\" data-usfm=\"PRO.26.26\">la maldad se har\u00e1 manifiesta en la comunidad.<\/span><\/div>\n<div class=\"q\">\n<div class=\"q\"><span class=\"verse v28\" data-usfm=\"PRO.26.28\"><span class=\"content\">La lengua falsa aborrece al que ha herido;<\/span><\/span><\/div>\n<div class=\"q\"><span class=\"verse v28\" data-usfm=\"PRO.26.28\">la boca zalamera conduce al desastre.<\/span><\/div>\n<\/div>\n<\/div>\n<p>Prov. 26:1, 4-5,17,26,28<\/p>\n<\/div>\n<\/div>\n<\/div>\n<\/div>\n<p><span class=\"verse v22\" data-usfm=\"PRO.25.22\">\u00a0<\/span><\/p>\n","protected":false},"excerpt":{"rendered":"<p>Si el que te odia tiene hambre, dale de comer; y si tiene sed, dale de beber. As\u00ed har\u00e1s que se averg\u00fcence de su conducta, y el Se\u00f1or habr\u00e1 de recompensarte. Es mejor vivir en un rinc\u00f3n del techo que convivir con una mujer pendenciera. Prov. 25:21-22, 24 No conviene la nieve en el verano, &hellip; <a href=\"http:\/\/damas.laiglesiadelacomunidad.com\/?p=3837\" class=\"more-link\">Continue reading <span class=\"screen-reader-text\">Proverbios<\/span> <span class=\"meta-nav\">&rarr;<\/span><\/a><\/p>\n","protected":false},"author":2,"featured_media":0,"comment_status":"open","ping_status":"open","sticky":false,"template":"","format":"standard","meta":{"footnotes":""},"categories":[1],"tags":[],"_links":{"self":[{"href":"http:\/\/damas.laiglesiadelacomunidad.com\/index.php?rest_route=\/wp\/v2\/posts\/3837"}],"collection":[{"href":"http:\/\/damas.laiglesiadelacomunidad.com\/index.php?rest_route=\/wp\/v2\/posts"}],"about":[{"href":"http:\/\/damas.laiglesiadelacomunidad.com\/index.php?rest_route=\/wp\/v2\/types\/post"}],"author":[{"embeddable":true,"href":"http:\/\/damas.laiglesiadelacomunidad.com\/index.php?rest_route=\/wp\/v2\/users\/2"}],"replies":[{"embeddable":true,"href":"http:\/\/damas.laiglesiadelacomunidad.com\/index.php?rest_route=%2Fwp%2Fv2%2Fcomments&post=3837"}],"version-history":[{"count":3,"href":"http:\/\/damas.laiglesiadelacomunidad.com\/index.php?rest_route=\/wp\/v2\/posts\/3837\/revisions"}],"predecessor-version":[{"id":3840,"href":"http:\/\/damas.laiglesiadelacomunidad.com\/index.php?rest_route=\/wp\/v2\/posts\/3837\/revisions\/3840"}],"wp:attachment":[{"href":"http:\/\/damas.laiglesiadelacomunidad.com\/index.php?rest_route=%2Fwp%2Fv2%2Fmedia&parent=3837"}],"wp:term":[{"taxonomy":"category","embeddable":true,"href":"http:\/\/damas.laiglesiadelacomunidad.com\/index.php?rest_route=%2Fwp%2Fv2%2Fcategories&post=3837"},{"taxonomy":"post_tag","embeddable":true,"href":"http:\/\/damas.laiglesiadelacomunidad.com\/index.php?rest_route=%2Fwp%2Fv2%2Ftags&post=3837"}],"curies":[{"name":"wp","href":"https:\/\/api.w.org\/{rel}","templated":true}]}}