{"id":3831,"date":"2014-05-07T23:26:30","date_gmt":"2014-05-08T04:26:30","guid":{"rendered":"http:\/\/damas.laiglesiadelacomunidad.com\/?p=3831"},"modified":"2014-05-07T23:27:08","modified_gmt":"2014-05-08T04:27:08","slug":"raulito-3","status":"publish","type":"post","link":"http:\/\/damas.laiglesiadelacomunidad.com\/?p=3831","title":{"rendered":"Raulito"},"content":{"rendered":"<p>Gracias Se\u00f1or por Raulito, gracias por mostrar tu Gloria y tu Poder a trav\u00e9s de \u00e9l.<br \/>\n\u00a1Feliz 2 meses! Te queremos mucho.<\/p>\n<p>El s\u00e1bado 17 a las 5pm aqu\u00ed en nuestra casa, haremos el babyshower para Raulito. Todas est\u00e1n cordialmente invitadas \ud83d\ude42<\/p>\n<p><a href=\"http:\/\/damas.laiglesiadelacomunidad.com\/wp-content\/uploads\/2014\/05\/20140507-232428.jpg\"><img decoding=\"async\" class=\"alignnone size-full\" src=\"http:\/\/damas.laiglesiadelacomunidad.com\/wp-content\/uploads\/2014\/05\/20140507-232428.jpg\" alt=\"20140507-232428.jpg\" \/><\/a><\/p>\n","protected":false},"excerpt":{"rendered":"<p>Gracias Se\u00f1or por Raulito, gracias por mostrar tu Gloria y tu Poder a trav\u00e9s de \u00e9l. \u00a1Feliz 2 meses! Te queremos mucho. El s\u00e1bado 17 a las 5pm aqu\u00ed en nuestra casa, haremos el babyshower para Raulito. Todas est\u00e1n cordialmente invitadas \ud83d\ude42<\/p>\n","protected":false},"author":2,"featured_media":0,"comment_status":"open","ping_status":"open","sticky":false,"template":"","format":"standard","meta":{"footnotes":""},"categories":[1],"tags":[],"_links":{"self":[{"href":"http:\/\/damas.laiglesiadelacomunidad.com\/index.php?rest_route=\/wp\/v2\/posts\/3831"}],"collection":[{"href":"http:\/\/damas.laiglesiadelacomunidad.com\/index.php?rest_route=\/wp\/v2\/posts"}],"about":[{"href":"http:\/\/damas.laiglesiadelacomunidad.com\/index.php?rest_route=\/wp\/v2\/types\/post"}],"author":[{"embeddable":true,"href":"http:\/\/damas.laiglesiadelacomunidad.com\/index.php?rest_route=\/wp\/v2\/users\/2"}],"replies":[{"embeddable":true,"href":"http:\/\/damas.laiglesiadelacomunidad.com\/index.php?rest_route=%2Fwp%2Fv2%2Fcomments&post=3831"}],"version-history":[{"count":2,"href":"http:\/\/damas.laiglesiadelacomunidad.com\/index.php?rest_route=\/wp\/v2\/posts\/3831\/revisions"}],"predecessor-version":[{"id":3833,"href":"http:\/\/damas.laiglesiadelacomunidad.com\/index.php?rest_route=\/wp\/v2\/posts\/3831\/revisions\/3833"}],"wp:attachment":[{"href":"http:\/\/damas.laiglesiadelacomunidad.com\/index.php?rest_route=%2Fwp%2Fv2%2Fmedia&parent=3831"}],"wp:term":[{"taxonomy":"category","embeddable":true,"href":"http:\/\/damas.laiglesiadelacomunidad.com\/index.php?rest_route=%2Fwp%2Fv2%2Fcategories&post=3831"},{"taxonomy":"post_tag","embeddable":true,"href":"http:\/\/damas.laiglesiadelacomunidad.com\/index.php?rest_route=%2Fwp%2Fv2%2Ftags&post=3831"}],"curies":[{"name":"wp","href":"https:\/\/api.w.org\/{rel}","templated":true}]}}