{"id":3823,"date":"2014-05-07T23:06:12","date_gmt":"2014-05-08T04:06:12","guid":{"rendered":"http:\/\/damas.laiglesiadelacomunidad.com\/?p=3823"},"modified":"2014-05-07T23:10:39","modified_gmt":"2014-05-08T04:10:39","slug":"estudio-7-de-mayo-del-2014","status":"publish","type":"post","link":"http:\/\/damas.laiglesiadelacomunidad.com\/?p=3823","title":{"rendered":"Estudio 7 de Mayo del 2014"},"content":{"rendered":"<p>Gracias a Dios por todas ustedes, gracias a Dios porque a pesar de nuestras pruebas y dificultades hemos podido mantener la fe, que bendici\u00f3n tan grande esa. Gracias a todas por sus testimonios y por sus comentarios, especialmente gracias a do\u00f1a Elsa, gracias por su testimonio de Fe, fue muy valioso para nosotras.<\/p>\n<p>La idea grande del estudio fue: <strong>Por confiar en Cristo, entramos en la gran tradici\u00f3n de fe que comenzo con Abraham.<\/strong> Abraham no fue un hombre perfecto y muchas veces le falto su fe y minti\u00f3, pero aun as\u00ed es llamado el padre de la Fe, porque crey\u00f3 en Dios y en la promesa que Dios le di\u00f3, de que iba a ser el padre de una gran naci\u00f3n, tanta fue su fe que en obedicencia a Dios iba a sacrificar a su hijo, el hijo a traves del cual Dios cumplir\u00eda su promesa.<\/p>\n<p>Nosotras somos tan humanas como lo fue Abraham pero a parte de ser humanas y tener nuestras fallas somos hijas del Alt\u00edsimo, del mismo modo que Dios cumpli\u00f3 sus promesas a aquellos que entraron en un terreno desconocido por Fe, por esa fe que nos di\u00f3 cumplir\u00e1 su promesa de darnos vida eterna y la promesa de que \u00e9l nos usara para el bien de Su reino guiadas por su esp\u00edritu. Lindas promesas las que tenemos al alcance de la mano, solo tenemos que tener fe y aceptar los retos que \u00e9l nos da, no tenemos que saber el \u00bfc\u00f3mo? solo tenemos que obedecer por fe.<\/p>\n<p class=\"chapter-2\" style=\"color: #000000;\"><strong><span class=\"text Heb-11-1\">Ahora bien, la fe es la garant\u00eda de lo que se espera, la certeza de lo que no se ve.\u00a0<\/span><span id=\"es-NVI-30130\" class=\"text Heb-11-2\">Gracias a ella fueron aprobados los antiguos.\u00a0<\/span><\/strong><strong><span id=\"es-NVI-30131\" class=\"text Heb-11-3\">Por la fe entendemos que el universo fue formado por la palabra de Dios, de modo que lo visible no provino de lo que se ve.<\/span><\/strong><\/p>\n<p style=\"color: #000000;\"><strong><span id=\"es-NVI-30132\" class=\"text Heb-11-4\">Por la fe Abel ofreci\u00f3 a Dios un sacrificio m\u00e1s aceptable que el de Ca\u00edn, por lo cual recibi\u00f3 testimonio de ser justo, pues Dios acept\u00f3 su ofrenda. Y por la fe Abel, a pesar de estar muerto, habla todav\u00eda.<\/span><\/strong><\/p>\n<p style=\"color: #000000;\"><strong><span id=\"es-NVI-30133\" class=\"text Heb-11-5\">Por la fe Enoc fue sacado de este mundo sin experimentar la muerte; no fue hallado porque Dios se lo llev\u00f3, pero antes de ser llevado recibi\u00f3 testimonio de haber agradado a Dios.\u00a0<\/span><span id=\"es-NVI-30134\" class=\"text Heb-11-6\">En realidad, sin fe es imposible agradar a Dios, ya que cualquiera que se acerca a Dios tiene que creer que \u00e9l existe y que recompensa a quienes lo buscan.<\/span><\/strong><\/p>\n<p style=\"color: #000000;\"><strong><span id=\"es-NVI-30135\" class=\"text Heb-11-7\">Por la fe No\u00e9, advertido sobre cosas que a\u00fan no se ve\u00edan, con temor reverente construy\u00f3 un arca para salvar a su familia. Por esa fe conden\u00f3 al mundo y lleg\u00f3 a ser heredero de la justicia que viene por la fe.<\/span><\/strong><\/p>\n<p style=\"color: #000000;\"><strong><span id=\"es-NVI-30136\" class=\"text Heb-11-8\">Por la fe Abraham, cuando fue llamado para ir a un lugar que m\u00e1s tarde recibir\u00eda como herencia, obedeci\u00f3 y sali\u00f3 sin saber a d\u00f3nde iba.\u00a0<\/span><span id=\"es-NVI-30137\" class=\"text Heb-11-9\">Por la fe se radic\u00f3 como extranjero en la tierra prometida, y habit\u00f3 en tiendas de campa\u00f1a con Isaac y Jacob, herederos tambi\u00e9n de la misma promesa,\u00a0<\/span><span id=\"es-NVI-30138\" class=\"text Heb-11-10\">porque esperaba la ciudad de cimientos s\u00f3lidos, de la cual Dios es arquitecto y constructor.<\/span><\/strong><\/p>\n<p style=\"color: #000000;\"><strong><span id=\"es-NVI-30139\" class=\"text Heb-11-11\">Por la fe Abraham, a pesar de su avanzada edad y de que Sara misma era est\u00e9ril,\u00a0recibi\u00f3 fuerza para tener hijos, porque consider\u00f3 fiel al que le hab\u00eda hecho la promesa.\u00a0<\/span><span id=\"es-NVI-30140\" class=\"text Heb-11-12\">As\u00ed que de este solo hombre, ya en decadencia, nacieron descendientes numerosos como las estrellas del cielo e incontables como la arena a la orilla del mar.<\/span><\/strong><\/p>\n<p style=\"color: #000000;\"><strong><span id=\"es-NVI-30141\" class=\"text Heb-11-13\">Todos ellos vivieron por la fe, y murieron sin haber recibido las cosas prometidas; m\u00e1s bien, las reconocieron a lo lejos, y confesaron que eran extranjeros y peregrinos en la tierra.\u00a0<\/span><span id=\"es-NVI-30142\" class=\"text Heb-11-14\">Al expresarse as\u00ed, claramente dieron a entender que andaban en busca de una patria.\u00a0<\/span><span id=\"es-NVI-30143\" class=\"text Heb-11-15\">Si hubieran estado pensando en aquella patria de donde hab\u00edan emigrado, habr\u00edan tenido oportunidad de regresar a ella.\u00a0<\/span><span id=\"es-NVI-30144\" class=\"text Heb-11-16\">Antes bien, anhelaban una patria mejor, es decir, la celestial. Por lo tanto, Dios no se avergonz\u00f3 de ser llamado su Dios, y les prepar\u00f3 una ciudad. Hebreos 11:1-16<\/span><\/strong><\/p>\n<p style=\"color: #000000;\">Como dice Felipe <strong>&#8220;<span style=\"color: #333333;\">La fe no es una fuerza m\u00e1gica que hace que Dios obre, sino una confianza en Dios que nos hace obedecerle&#8221;<\/span><\/strong><\/p>\n<p style=\"color: #000000;\">Se\u00f1or te pido que en tiempos de prueba nuestra fe no falte y tambi\u00e9n te pedimos que aumentes nuestra fe, que nunca m\u00e1s preguntemos \u00bfC\u00f3mo lo haremos? sino que te obedezcamos con Fe, te pedimos todo en nombre del hombre que te obedeci\u00f3 perfectamente, Cristo Jes\u00fas, Am\u00e9n.<\/p>\n<p style=\"color: #000000;\">Las veo el viernes para la celebraci\u00f3n del d\u00eda de la madre, si Dios quiere.<\/p>\n<p style=\"color: #000000;\">Las quiero mucho;<\/p>\n<p style=\"color: #000000;\">Jackie C.<\/p>\n","protected":false},"excerpt":{"rendered":"<p>Gracias a Dios por todas ustedes, gracias a Dios porque a pesar de nuestras pruebas y dificultades hemos podido mantener la fe, que bendici\u00f3n tan grande esa. Gracias a todas por sus testimonios y por sus comentarios, especialmente gracias a do\u00f1a Elsa, gracias por su testimonio de Fe, fue muy valioso para nosotras. La idea &hellip; <a href=\"http:\/\/damas.laiglesiadelacomunidad.com\/?p=3823\" class=\"more-link\">Continue reading <span class=\"screen-reader-text\">Estudio 7 de Mayo del 2014<\/span> <span class=\"meta-nav\">&rarr;<\/span><\/a><\/p>\n","protected":false},"author":2,"featured_media":0,"comment_status":"open","ping_status":"open","sticky":false,"template":"","format":"chat","meta":{"footnotes":""},"categories":[1],"tags":[],"_links":{"self":[{"href":"http:\/\/damas.laiglesiadelacomunidad.com\/index.php?rest_route=\/wp\/v2\/posts\/3823"}],"collection":[{"href":"http:\/\/damas.laiglesiadelacomunidad.com\/index.php?rest_route=\/wp\/v2\/posts"}],"about":[{"href":"http:\/\/damas.laiglesiadelacomunidad.com\/index.php?rest_route=\/wp\/v2\/types\/post"}],"author":[{"embeddable":true,"href":"http:\/\/damas.laiglesiadelacomunidad.com\/index.php?rest_route=\/wp\/v2\/users\/2"}],"replies":[{"embeddable":true,"href":"http:\/\/damas.laiglesiadelacomunidad.com\/index.php?rest_route=%2Fwp%2Fv2%2Fcomments&post=3823"}],"version-history":[{"count":2,"href":"http:\/\/damas.laiglesiadelacomunidad.com\/index.php?rest_route=\/wp\/v2\/posts\/3823\/revisions"}],"predecessor-version":[{"id":3825,"href":"http:\/\/damas.laiglesiadelacomunidad.com\/index.php?rest_route=\/wp\/v2\/posts\/3823\/revisions\/3825"}],"wp:attachment":[{"href":"http:\/\/damas.laiglesiadelacomunidad.com\/index.php?rest_route=%2Fwp%2Fv2%2Fmedia&parent=3823"}],"wp:term":[{"taxonomy":"category","embeddable":true,"href":"http:\/\/damas.laiglesiadelacomunidad.com\/index.php?rest_route=%2Fwp%2Fv2%2Fcategories&post=3823"},{"taxonomy":"post_tag","embeddable":true,"href":"http:\/\/damas.laiglesiadelacomunidad.com\/index.php?rest_route=%2Fwp%2Fv2%2Ftags&post=3823"}],"curies":[{"name":"wp","href":"https:\/\/api.w.org\/{rel}","templated":true}]}}