{"id":3800,"date":"2014-05-04T22:42:09","date_gmt":"2014-05-05T03:42:09","guid":{"rendered":"http:\/\/damas.laiglesiadelacomunidad.com\/?p=3800"},"modified":"2014-05-04T22:46:05","modified_gmt":"2014-05-05T03:46:05","slug":"reunion-4-de-mayo-2014","status":"publish","type":"post","link":"http:\/\/damas.laiglesiadelacomunidad.com\/?p=3800","title":{"rendered":"Reuni\u00f3n 4 de Mayo 2014"},"content":{"rendered":"<p>Gracias Se\u00f1or por \u00e9sta linda noche, gracias por darnos el privilegio de servirte, de alabarte y de darte gloria, gracias por el buen mensaje que nos diste hoy. Gracias a todas las personas que domingo a domingo hacen el trabajo de preparar el ambiente para llevar a cabo la reuni\u00f3n, sin su trabajo nada de \u00e9sto seria posible, much\u00edsimas gracias.<\/p>\n<p>Seguimos en el libro de G\u00e1latas, el tema de hoy fue:<strong> &#8220;Una conexi\u00f3n verdadera&#8221;<\/strong> y la idea grande de hoy fue: <strong>&#8220;Por confiar en Cristo, entramos en la gran tradici\u00f3n de fe que empez\u00f3 con Abraham&#8221;\u00a0<\/strong>A veces queremos tener un relaci\u00f3n verdadera con Dios, andamos buscando la iglesia verdadera, la religi\u00f3n verdadera, la denominaci\u00f3n verdadera, el d\u00eda que realmente nos tenemos que reunir, etc. Queremos encontrar ese algo que nos haga sentir conectados con Dios y hasta muchas veces caemos en el fan\u00e1tismo, lo malo de esto es que hasta nos puede hacer perder nuestra propia salvaci\u00f3n. El \u00fanico que nos puede dar ese algo que buscamos es la fe que tenemos en Jes\u00fas. Saltar, gritar, quedarnos sentados o quedarnos cayados, no nos lleva a tener m\u00e1s Fe, pero la conexi\u00f3n verdadera con Jes\u00fas si lo hara, por fe Abraham crey\u00f3 y nosotros por creer en Jesucristo y seguirle tenemos la promesa de vida eterna.<\/p>\n<p style=\"color: #000000;\"><strong><span id=\"es-NVI-29066\" class=\"text Gal-3-6\">As\u00ed fue con Abraham: \u00abLe crey\u00f3 a Dios, y esto se le tom\u00f3 en cuenta como justicia.\u00bb\u00a0<\/span><\/strong><strong><span id=\"es-NVI-29067\" class=\"text Gal-3-7\">Por lo tanto, sepan que los descendientes de Abraham son aquellos que viven por la fe.\u00a0<\/span><span id=\"es-NVI-29068\" class=\"text Gal-3-8\">En efecto, la Escritura, habiendo previsto que Dios *justificar\u00eda por la fe a las naciones, anunci\u00f3 de antemano el evangelio a Abraham: \u00abPor medio de ti ser\u00e1n bendecidas todas las naciones.\u00bb<\/span><span id=\"es-NVI-29069\" class=\"text Gal-3-9\">As\u00ed que los que viven por la fe son bendecidos junto con Abraham, el hombre de fe.<\/span><\/strong><\/p>\n<p style=\"color: #000000;\"><strong><span id=\"es-NVI-29070\" class=\"text Gal-3-10\">Todos los que viven por las obras que demanda la ley est\u00e1n bajo maldici\u00f3n, porque est\u00e1 escrito: \u00abMaldito sea quien no practique fielmente todo lo que est\u00e1 escrito en el libro de la ley.\u00bb<\/span><span id=\"es-NVI-29071\" class=\"text Gal-3-11\">Ahora bien, es evidente que por la ley nadie es justificado delante de Dios, porque \u00abel justo vivir\u00e1 por la fe\u00bb.<\/span><span id=\"es-NVI-29072\" class=\"text Gal-3-12\">La ley no se basa en la fe; por el contrario, \u00abquien practique estas cosas vivir\u00e1 por ellas\u00bb.<\/span><span id=\"es-NVI-29073\" class=\"text Gal-3-13\">Cristo nos rescat\u00f3 de la maldici\u00f3n de la ley al hacerse maldici\u00f3n por nosotros, pues est\u00e1 escrito: \u00abMaldito todo el que es colgado de un madero.\u00bb<\/span><span id=\"es-NVI-29074\" class=\"text Gal-3-14\">As\u00ed sucedi\u00f3, para que, por medio de Cristo Jes\u00fas, la bendici\u00f3n prometida a Abraham llegara a las naciones, y para que por la fe recibi\u00e9ramos el Esp\u00edritu seg\u00fan la promesa.<\/span><\/strong><\/p>\n<p style=\"color: #000000;\"><strong><span class=\"text Gal-3-15\">Hermanos, voy a ponerles un ejemplo: aun en el caso de un pacto\u00a0humano, nadie puede anularlo ni a\u00f1adirle nada una vez que ha sido ratificado.\u00a0<\/span><span id=\"es-NVI-29076\" class=\"text Gal-3-16\">Ahora bien, las promesas se le hicieron a Abraham y a su descendencia. La Escritura no dice: \u00aby a los descendientes\u00bb, como refiri\u00e9ndose a muchos, sino: \u00aby a tu descendencia\u00bb,\u00a0dando a entender uno solo, que es Cristo.\u00a0<\/span><span id=\"es-NVI-29077\" class=\"text Gal-3-17\">Lo que quiero decir es esto: La ley, que vino cuatrocientos treinta a\u00f1os despu\u00e9s, no anula el pacto que Dios hab\u00eda ratificado previamente; de haber sido as\u00ed, quedar\u00eda sin efecto la promesa.\u00a0<\/span><span id=\"es-NVI-29078\" class=\"text Gal-3-18\">Si la herencia se basa en la ley, ya no se basa en la promesa; pero Dios se la concedi\u00f3 gratuitamente a Abraham mediante una promesa. G\u00e1latas 3:6-18<\/span><\/strong><\/p>\n<p style=\"color: #000000;\">Se\u00f1or te pedimos que nos ayudes a poner toda nuestra fe en Ti y no en lo que hacemos, te pido que nos fortalezcas en nuestra fe y que no la perdamos. Te lo pedimos en nombre de Jesucristo nuestro Se\u00f1or, Am\u00e9n.<\/p>\n<p style=\"color: #000000;\">Pasen un linda semana, no se olviden de orar las unas por las otras y por esta iglesia que Dios nos guie, cuide y proteja del mal.<\/p>\n<p style=\"color: #000000;\">Jackie C.<\/p>\n<p style=\"color: #000000;\">\n","protected":false},"excerpt":{"rendered":"<p>Gracias Se\u00f1or por \u00e9sta linda noche, gracias por darnos el privilegio de servirte, de alabarte y de darte gloria, gracias por el buen mensaje que nos diste hoy. Gracias a todas las personas que domingo a domingo hacen el trabajo de preparar el ambiente para llevar a cabo la reuni\u00f3n, sin su trabajo nada de &hellip; <a href=\"http:\/\/damas.laiglesiadelacomunidad.com\/?p=3800\" class=\"more-link\">Continue reading <span class=\"screen-reader-text\">Reuni\u00f3n 4 de Mayo 2014<\/span> <span class=\"meta-nav\">&rarr;<\/span><\/a><\/p>\n","protected":false},"author":2,"featured_media":0,"comment_status":"open","ping_status":"open","sticky":false,"template":"","format":"standard","meta":{"footnotes":""},"categories":[7],"tags":[],"_links":{"self":[{"href":"http:\/\/damas.laiglesiadelacomunidad.com\/index.php?rest_route=\/wp\/v2\/posts\/3800"}],"collection":[{"href":"http:\/\/damas.laiglesiadelacomunidad.com\/index.php?rest_route=\/wp\/v2\/posts"}],"about":[{"href":"http:\/\/damas.laiglesiadelacomunidad.com\/index.php?rest_route=\/wp\/v2\/types\/post"}],"author":[{"embeddable":true,"href":"http:\/\/damas.laiglesiadelacomunidad.com\/index.php?rest_route=\/wp\/v2\/users\/2"}],"replies":[{"embeddable":true,"href":"http:\/\/damas.laiglesiadelacomunidad.com\/index.php?rest_route=%2Fwp%2Fv2%2Fcomments&post=3800"}],"version-history":[{"count":2,"href":"http:\/\/damas.laiglesiadelacomunidad.com\/index.php?rest_route=\/wp\/v2\/posts\/3800\/revisions"}],"predecessor-version":[{"id":3802,"href":"http:\/\/damas.laiglesiadelacomunidad.com\/index.php?rest_route=\/wp\/v2\/posts\/3800\/revisions\/3802"}],"wp:attachment":[{"href":"http:\/\/damas.laiglesiadelacomunidad.com\/index.php?rest_route=%2Fwp%2Fv2%2Fmedia&parent=3800"}],"wp:term":[{"taxonomy":"category","embeddable":true,"href":"http:\/\/damas.laiglesiadelacomunidad.com\/index.php?rest_route=%2Fwp%2Fv2%2Fcategories&post=3800"},{"taxonomy":"post_tag","embeddable":true,"href":"http:\/\/damas.laiglesiadelacomunidad.com\/index.php?rest_route=%2Fwp%2Fv2%2Ftags&post=3800"}],"curies":[{"name":"wp","href":"https:\/\/api.w.org\/{rel}","templated":true}]}}