{"id":3757,"date":"2014-05-02T12:21:40","date_gmt":"2014-05-02T17:21:40","guid":{"rendered":"http:\/\/damas.laiglesiadelacomunidad.com\/?p=3757"},"modified":"2014-05-02T14:12:26","modified_gmt":"2014-05-02T19:12:26","slug":"estudio-viernes-2-de-mayo-2","status":"publish","type":"post","link":"http:\/\/damas.laiglesiadelacomunidad.com\/?p=3757","title":{"rendered":"Estudio viernes 2 de Mayo"},"content":{"rendered":"<p>Estos vers\u00edculos fueron los que m\u00e1s nos llamaron la atenci\u00f3n.<\/p>\n<p>En aquel d\u00eda ser\u00e1n doblegados los altivos y humillados los soberbios; \u00a1s\u00f3lo el Se\u00f1or ser\u00e1 exaltado! Porque el d\u00eda del Se\u00f1or de los ej\u00e9rcitos vendr\u00e1 contra todos los soberbios y altivos; contra todos los que se enaltecen, los cuales ser\u00e1n humillados; (Isa\u00edas 2:11, 12 RVC)<\/p>\n<p>Se\u00f1or ay\u00fadanos a luchar contra nuestro orgullo, am\u00e9n<\/p>\n<p>Nos vemos m\u00e1s tarde, si Dios lo permite.<\/p>\n<p>Jackie C.<\/p>\n","protected":false},"excerpt":{"rendered":"<p>Estos vers\u00edculos fueron los que m\u00e1s nos llamaron la atenci\u00f3n. En aquel d\u00eda ser\u00e1n doblegados los altivos y humillados los soberbios; \u00a1s\u00f3lo el Se\u00f1or ser\u00e1 exaltado! Porque el d\u00eda del Se\u00f1or de los ej\u00e9rcitos vendr\u00e1 contra todos los soberbios y altivos; contra todos los que se enaltecen, los cuales ser\u00e1n humillados; (Isa\u00edas 2:11, 12 RVC) &hellip; <a href=\"http:\/\/damas.laiglesiadelacomunidad.com\/?p=3757\" class=\"more-link\">Continue reading <span class=\"screen-reader-text\">Estudio viernes 2 de Mayo<\/span> <span class=\"meta-nav\">&rarr;<\/span><\/a><\/p>\n","protected":false},"author":2,"featured_media":0,"comment_status":"open","ping_status":"open","sticky":false,"template":"","format":"gallery","meta":{"footnotes":""},"categories":[6],"tags":[],"_links":{"self":[{"href":"http:\/\/damas.laiglesiadelacomunidad.com\/index.php?rest_route=\/wp\/v2\/posts\/3757"}],"collection":[{"href":"http:\/\/damas.laiglesiadelacomunidad.com\/index.php?rest_route=\/wp\/v2\/posts"}],"about":[{"href":"http:\/\/damas.laiglesiadelacomunidad.com\/index.php?rest_route=\/wp\/v2\/types\/post"}],"author":[{"embeddable":true,"href":"http:\/\/damas.laiglesiadelacomunidad.com\/index.php?rest_route=\/wp\/v2\/users\/2"}],"replies":[{"embeddable":true,"href":"http:\/\/damas.laiglesiadelacomunidad.com\/index.php?rest_route=%2Fwp%2Fv2%2Fcomments&post=3757"}],"version-history":[{"count":2,"href":"http:\/\/damas.laiglesiadelacomunidad.com\/index.php?rest_route=\/wp\/v2\/posts\/3757\/revisions"}],"predecessor-version":[{"id":3761,"href":"http:\/\/damas.laiglesiadelacomunidad.com\/index.php?rest_route=\/wp\/v2\/posts\/3757\/revisions\/3761"}],"wp:attachment":[{"href":"http:\/\/damas.laiglesiadelacomunidad.com\/index.php?rest_route=%2Fwp%2Fv2%2Fmedia&parent=3757"}],"wp:term":[{"taxonomy":"category","embeddable":true,"href":"http:\/\/damas.laiglesiadelacomunidad.com\/index.php?rest_route=%2Fwp%2Fv2%2Fcategories&post=3757"},{"taxonomy":"post_tag","embeddable":true,"href":"http:\/\/damas.laiglesiadelacomunidad.com\/index.php?rest_route=%2Fwp%2Fv2%2Ftags&post=3757"}],"curies":[{"name":"wp","href":"https:\/\/api.w.org\/{rel}","templated":true}]}}