{"id":3701,"date":"2014-04-27T22:50:25","date_gmt":"2014-04-28T03:50:25","guid":{"rendered":"http:\/\/damas.laiglesiadelacomunidad.com\/?p=3701"},"modified":"2014-04-27T23:09:54","modified_gmt":"2014-04-28T04:09:54","slug":"reunion-27-de-abril-2014","status":"publish","type":"post","link":"http:\/\/damas.laiglesiadelacomunidad.com\/?p=3701","title":{"rendered":"Reuni\u00f3n 27 de Abril 2014"},"content":{"rendered":"<p>Gracias Se\u00f1or por tan linda noche, gracias a todos los voluntarios por toda la ayuda que dan, gracias por hacer el trabajo con tanto animo y alegr\u00eda.<\/p>\n<p>Que excelente mensaje el de hoy, la verdad me toco mucho, gracias a Dios por darnos este mensaje. Seguimos estudiando el libro de G\u00e1latas, el tema de hoy fue <strong>&#8220;La obra de Dios&#8221;\u00a0<\/strong>la idea principal fue <strong>&#8220;Toda la vida Cristiana es la obra de Dios en nosotros&#8221;<\/strong> muchas veces se nos olvida que somos la obra de Dios y no nuestra propia obra, al inicio cuando estamos en la busqueda de Dios sabemos que lo necesitamos y lo buscamos de todo coraz\u00f3n y tomamos bien la decisi\u00f3n de seguir a Jes\u00fas y de aceptarlo con Se\u00f1or y Salvador, pero con el caminar por esta vida muchas veces se nos olvida que nosotros hacemos lo que hacemos por Dios y porque \u00e9l a traves de su esp\u00edritu obra en nosotros y por olvidar \u00e9sto nos comienza a mover el orgullo, o el creernos m\u00e1s que los dem\u00e1s , criticar , juzgar a nuestros hermanos y hasta llegamos a ponernos en el lugar de Dios y esto nos lleva a dejar de tener una conecci\u00f3n con Dios y nos justificamos por lo que hacemos y no por lo que Dios ha hecho en nosotros.<\/p>\n<p><strong><span class=\"text Gal-3-1\" style=\"color: #000000;\">\u00a1Oh g\u00e1latas insensatos! \u00bfqui\u00e9n los fascin\u00f3 para no obedecer a la verdad, si ante los ojos de ustedes Jesucristo ya fue presentado claramente como crucificado?<\/span><span id=\"es-RVC-29106\" class=\"text Gal-3-2\" style=\"color: #000000;\"><span class=\"versenum\">\u00a0<\/span>S\u00f3lo esto quiero que me digan: \u00bfRecibieron el Esp\u00edritu por las obras de la ley, o por el o\u00edr con fe?<\/span><span style=\"color: #000000;\">\u00a0<\/span><span id=\"es-RVC-29107\" class=\"text Gal-3-3\" style=\"color: #000000;\">\u00bfTan necios son? \u00bfComenzaron por el Esp\u00edritu, y ahora van a acabar por la carne?<\/span><span style=\"color: #000000;\">\u00a0<\/span><span id=\"es-RVC-29108\" class=\"text Gal-3-4\" style=\"color: #000000;\">\u00bfTantas cosas han padecido en vano? \u00a1Si es que realmente fue en vano!<\/span><span style=\"color: #000000;\">\u00a0<\/span><\/strong><span id=\"es-RVC-29109\" class=\"text Gal-3-5\" style=\"color: #000000;\"><strong>Aquel que les suministra el Esp\u00edritu y hace maravillas entre ustedes, \u00bflo hace por las obras de la ley, o por el o\u00edr con fe?<\/strong> G\u00e1latas 3:1-5<\/span><\/p>\n<p><span style=\"color: #800000;\"><strong><span class=\"text Matt-7-1\">\u00bbNo juzguen, para que no sean juzgados.<\/span>\u00a0<span id=\"es-RVC-23320\" class=\"text Matt-7-2\">Porque con el juicio con que ustedes juzgan, ser\u00e1n juzgados; y con la medida con que miden, ser\u00e1n medidos.<\/span>\u00a0<span id=\"es-RVC-23321\" class=\"text Matt-7-3\">\u00bfPor qu\u00e9 miras la paja que est\u00e1 en el ojo de tu hermano, y no miras la viga que est\u00e1 en tu propio ojo?<\/span>\u00a0<span id=\"es-RVC-23322\" class=\"text Matt-7-4\">\u00bfC\u00f3mo dir\u00e1s a tu hermano: \u201cD\u00e9jame sacar la paja de tu ojo\u201d, cuando tienes una viga en el tuyo?<\/span>\u00a0<\/strong><\/span><span id=\"es-RVC-23323\" class=\"text Matt-7-5\" style=\"color: #000000;\"><span style=\"color: #800000;\"><strong>\u00a1Hip\u00f3crita! Saca primero la viga de tu propio ojo, y entonces ver\u00e1s bien para sacar la paja del ojo de tu hermano.<\/strong><\/span> Mateo 7:1-5<\/span><\/p>\n<p>Se\u00f1or te pido que nos ayudes a hacer el trabajo que tu tienes para nosotras no por orgullo ni por querer recibir algo de Ti o por competencia, sino por el gran amor que nos tienes, ayudanos a ser humildes y a seguir la guia de tu Santo Esp\u00edritu. Te pedimos todo en el nombre de Jesucristo nuestro Se\u00f1or, Am\u00e9n.<\/p>\n<p>Por favor sigamos orando las unas por las otras, por Raulito y por las actividades que estan planeadas que Dios nos ayude a alcanzar personas lejos de Dios y llevarlas a los pies de Cristo.<\/p>\n<p>Que pasen una linda semana, las quiero mucho \ud83d\ude42<\/p>\n<p>Jackie C.<\/p>\n<p><a href=\"http:\/\/damas.laiglesiadelacomunidad.com\/wp-content\/uploads\/2014\/04\/20140427-230304.jpg\"><img decoding=\"async\" class=\"alignnone size-full\" src=\"http:\/\/damas.laiglesiadelacomunidad.com\/wp-content\/uploads\/2014\/04\/20140427-230304.jpg\" alt=\"20140427-230304.jpg\" \/><\/a><\/p>\n<p><a href=\"http:\/\/damas.laiglesiadelacomunidad.com\/wp-content\/uploads\/2014\/04\/20140427-230319.jpg\"><img decoding=\"async\" class=\"alignnone size-full\" src=\"http:\/\/damas.laiglesiadelacomunidad.com\/wp-content\/uploads\/2014\/04\/20140427-230319.jpg\" alt=\"20140427-230319.jpg\" \/><\/a><\/p>\n","protected":false},"excerpt":{"rendered":"<p>Gracias Se\u00f1or por tan linda noche, gracias a todos los voluntarios por toda la ayuda que dan, gracias por hacer el trabajo con tanto animo y alegr\u00eda. Que excelente mensaje el de hoy, la verdad me toco mucho, gracias a Dios por darnos este mensaje. Seguimos estudiando el libro de G\u00e1latas, el tema de hoy &hellip; <a href=\"http:\/\/damas.laiglesiadelacomunidad.com\/?p=3701\" class=\"more-link\">Continue reading <span class=\"screen-reader-text\">Reuni\u00f3n 27 de Abril 2014<\/span> <span class=\"meta-nav\">&rarr;<\/span><\/a><\/p>\n","protected":false},"author":2,"featured_media":0,"comment_status":"open","ping_status":"open","sticky":false,"template":"","format":"standard","meta":{"footnotes":""},"categories":[7],"tags":[],"_links":{"self":[{"href":"http:\/\/damas.laiglesiadelacomunidad.com\/index.php?rest_route=\/wp\/v2\/posts\/3701"}],"collection":[{"href":"http:\/\/damas.laiglesiadelacomunidad.com\/index.php?rest_route=\/wp\/v2\/posts"}],"about":[{"href":"http:\/\/damas.laiglesiadelacomunidad.com\/index.php?rest_route=\/wp\/v2\/types\/post"}],"author":[{"embeddable":true,"href":"http:\/\/damas.laiglesiadelacomunidad.com\/index.php?rest_route=\/wp\/v2\/users\/2"}],"replies":[{"embeddable":true,"href":"http:\/\/damas.laiglesiadelacomunidad.com\/index.php?rest_route=%2Fwp%2Fv2%2Fcomments&post=3701"}],"version-history":[{"count":6,"href":"http:\/\/damas.laiglesiadelacomunidad.com\/index.php?rest_route=\/wp\/v2\/posts\/3701\/revisions"}],"predecessor-version":[{"id":3709,"href":"http:\/\/damas.laiglesiadelacomunidad.com\/index.php?rest_route=\/wp\/v2\/posts\/3701\/revisions\/3709"}],"wp:attachment":[{"href":"http:\/\/damas.laiglesiadelacomunidad.com\/index.php?rest_route=%2Fwp%2Fv2%2Fmedia&parent=3701"}],"wp:term":[{"taxonomy":"category","embeddable":true,"href":"http:\/\/damas.laiglesiadelacomunidad.com\/index.php?rest_route=%2Fwp%2Fv2%2Fcategories&post=3701"},{"taxonomy":"post_tag","embeddable":true,"href":"http:\/\/damas.laiglesiadelacomunidad.com\/index.php?rest_route=%2Fwp%2Fv2%2Ftags&post=3701"}],"curies":[{"name":"wp","href":"https:\/\/api.w.org\/{rel}","templated":true}]}}