{"id":3682,"date":"2014-04-23T22:44:34","date_gmt":"2014-04-24T03:44:34","guid":{"rendered":"http:\/\/damas.laiglesiadelacomunidad.com\/?p=3682"},"modified":"2014-04-23T22:44:34","modified_gmt":"2014-04-24T03:44:34","slug":"estudio-23-de-abril-2014","status":"publish","type":"post","link":"http:\/\/damas.laiglesiadelacomunidad.com\/?p=3682","title":{"rendered":"Estudio 23 de Abril 2014"},"content":{"rendered":"<p>Gracias Se\u00f1or por darnos tan linda noche, no cabe duda que Tu Esp\u00edritu Santo se mueve aqu\u00ed. Gracias por hacernos sensibles a tu palabra y hacernos sensibles al dolor de nuestras hermanas.<\/p>\n<p>En el estudio de hoy al igual que en el mensaje del domingo la idea grande fue: <strong>&#8220;Por resucitar de la muerte, Jes\u00fas confirmo que \u00e9l es Dios y Se\u00f1or&#8221;<\/strong>\u00a0y porque Jes\u00fas venci\u00f3 la muerte al resucitar ahora tenemos la promesa de que si somos sus seguidores podemos gozar de una vida eterna junto a \u00e9l, para ello tenemos que aceptarlo no solo como nuestro Salvador sino tambi\u00e9n como nuestro Se\u00f1or y vivir nuestra vida de acuerdo a sus pr\u00f3positos.<\/p>\n<p><strong><span class=\"text Rom-1-1\" style=\"color: #000000;\">Yo, Pablo, siervo de Jesucristo, llamado a ser ap\u00f3stol y apartado para el evangelio de Dios,<\/span><span style=\"color: #000000;\">\u00a0<\/span><span id=\"es-RVC-27934\" class=\"text Rom-1-2\" style=\"color: #000000;\">que \u00e9l ya hab\u00eda prometido por medio de sus profetas en las santas Escrituras,<\/span><span style=\"color: #000000;\">\u00a0<\/span><span id=\"es-RVC-27935\" class=\"text Rom-1-3\" style=\"color: #000000;\">les escribo acerca de su Hijo, nuestro Se\u00f1or Jesucristo, que conforme a los hombres descend\u00eda de David,<\/span><span style=\"color: #000000;\">\u00a0<\/span><span id=\"es-RVC-27936\" class=\"text Rom-1-4\" style=\"color: #000000;\">pero que conforme al Esp\u00edritu de santidad fue declarado Hijo de Dios con poder, por su resurrecci\u00f3n de entre los muertos.<\/span><span style=\"color: #000000;\">\u00a0<\/span><span id=\"es-RVC-27937\" class=\"text Rom-1-5\" style=\"color: #000000;\">Por medio de Jesucristo recibimos la gracia del apostolado, para que por su nombre llevemos a todas las naciones a obedecer a la fe.<\/span><span style=\"color: #000000;\">\u00a0<\/span><span id=\"es-RVC-27938\" class=\"text Rom-1-6\" style=\"color: #000000;\">Entre esas naciones est\u00e1n tambi\u00e9n ustedes, llamados a ser de Jesucristo.<\/span><span style=\"color: #000000;\">\u00a0<\/span><\/strong><span id=\"es-RVC-27939\" class=\"text Rom-1-7\" style=\"color: #000000;\"><strong>A todos ustedes que est\u00e1n en Roma, los amados de Dios que fueron llamados a ser santos: Que la gracia y la paz de Dios nuestro Padre y del Se\u00f1or Jesucristo sean con ustedes.<\/strong> Romanos 1:1-7<\/span><\/p>\n<p><strong><span id=\"es-RVC-28762\" class=\"text 1Cor-15-42\" style=\"color: #000000;\">As\u00ed ser\u00e1 tambi\u00e9n en la resurrecci\u00f3n de los muertos: Lo que se siembra en corrupci\u00f3n, resucitar\u00e1 en incorrupci\u00f3n;<\/span><span style=\"color: #000000;\">\u00a0<\/span><span id=\"es-RVC-28763\" class=\"text 1Cor-15-43\" style=\"color: #000000;\">lo que se siembra en deshonra, resucitar\u00e1 en gloria; lo que se siembra en debilidad, resucitar\u00e1 en poder.<\/span><span style=\"color: #000000;\">\u00a0<\/span><span id=\"es-RVC-28764\" class=\"text 1Cor-15-44\" style=\"color: #000000;\">Se siembra un cuerpo animal, y resucitar\u00e1 un cuerpo espiritual. Porque as\u00ed como hay un cuerpo animal, hay tambi\u00e9n un cuerpo espiritual.<\/span><span style=\"color: #000000;\">\u00a0<\/span><span id=\"es-RVC-28765\" class=\"text 1Cor-15-45\" style=\"color: #000000;\"><span class=\"versenum\">\u00a0<\/span>As\u00ed tambi\u00e9n est\u00e1 escrito: \u00abEl primer hombre, Ad\u00e1n, se convirti\u00f3 en un ser con vida\u00bb;\u00a0y el postrer Ad\u00e1n, un esp\u00edritu que da vida.<\/span><span style=\"color: #000000;\">\u00a0<\/span><span id=\"es-RVC-28766\" class=\"text 1Cor-15-46\" style=\"color: #000000;\">Pero lo espiritual no vino primero, sino lo animal; y luego lo espiritual.<\/span><span style=\"color: #000000;\">\u00a0<\/span><span id=\"es-RVC-28767\" class=\"text 1Cor-15-47\" style=\"color: #000000;\">El primer hombre es terrenal, de la tierra; el segundo hombre, que es el Se\u00f1or, es del cielo.<\/span><span style=\"color: #000000;\">\u00a0<\/span><span id=\"es-RVC-28768\" class=\"text 1Cor-15-48\" style=\"color: #000000;\">Semejantes al terrenal, ser\u00e1n tambi\u00e9n los terrenales; y semejantes al celestial, ser\u00e1n tambi\u00e9n los celestiales.<\/span><span style=\"color: #000000;\">\u00a0<\/span><span id=\"es-RVC-28769\" class=\"text 1Cor-15-49\" style=\"color: #000000;\">Y as\u00ed como hemos llevado la imagen del hombre terrenal, as\u00ed tambi\u00e9n llevaremos la imagen del celestial.<\/span><span style=\"color: #000000;\">\u00a0<\/span><\/strong><span id=\"es-RVC-28770\" class=\"text 1Cor-15-50\" style=\"color: #000000;\"><strong>Pero una cosa les digo, hermanos: ni la carne ni la sangre pueden heredar el reino de Dios, y tampoco la corrupci\u00f3n puede heredar la incorrupci\u00f3n.<\/strong>1 Cor.15:42-50<\/span><\/p>\n<p>Se\u00f1or te pedimos que nos sigas ayudando a seguirte, que nos hablandes nuestros corazones y que nos hagas dignas de entrar a tu presencia, te lo pido en nombre de Jesucristo nuestro Se\u00f1or, Am\u00e9n.<\/p>\n<p>Las amo muchos y no se olvide de orar las unas por las otras y por Raulito \ud83d\ude42<\/p>\n<p>Jackie C.<\/p>\n","protected":false},"excerpt":{"rendered":"<p>Gracias Se\u00f1or por darnos tan linda noche, no cabe duda que Tu Esp\u00edritu Santo se mueve aqu\u00ed. Gracias por hacernos sensibles a tu palabra y hacernos sensibles al dolor de nuestras hermanas. En el estudio de hoy al igual que en el mensaje del domingo la idea grande fue: &#8220;Por resucitar de la muerte, Jes\u00fas &hellip; <a href=\"http:\/\/damas.laiglesiadelacomunidad.com\/?p=3682\" class=\"more-link\">Continue reading <span class=\"screen-reader-text\">Estudio 23 de Abril 2014<\/span> <span class=\"meta-nav\">&rarr;<\/span><\/a><\/p>\n","protected":false},"author":2,"featured_media":0,"comment_status":"open","ping_status":"open","sticky":false,"template":"","format":"standard","meta":{"footnotes":""},"categories":[1],"tags":[],"_links":{"self":[{"href":"http:\/\/damas.laiglesiadelacomunidad.com\/index.php?rest_route=\/wp\/v2\/posts\/3682"}],"collection":[{"href":"http:\/\/damas.laiglesiadelacomunidad.com\/index.php?rest_route=\/wp\/v2\/posts"}],"about":[{"href":"http:\/\/damas.laiglesiadelacomunidad.com\/index.php?rest_route=\/wp\/v2\/types\/post"}],"author":[{"embeddable":true,"href":"http:\/\/damas.laiglesiadelacomunidad.com\/index.php?rest_route=\/wp\/v2\/users\/2"}],"replies":[{"embeddable":true,"href":"http:\/\/damas.laiglesiadelacomunidad.com\/index.php?rest_route=%2Fwp%2Fv2%2Fcomments&post=3682"}],"version-history":[{"count":2,"href":"http:\/\/damas.laiglesiadelacomunidad.com\/index.php?rest_route=\/wp\/v2\/posts\/3682\/revisions"}],"predecessor-version":[{"id":3684,"href":"http:\/\/damas.laiglesiadelacomunidad.com\/index.php?rest_route=\/wp\/v2\/posts\/3682\/revisions\/3684"}],"wp:attachment":[{"href":"http:\/\/damas.laiglesiadelacomunidad.com\/index.php?rest_route=%2Fwp%2Fv2%2Fmedia&parent=3682"}],"wp:term":[{"taxonomy":"category","embeddable":true,"href":"http:\/\/damas.laiglesiadelacomunidad.com\/index.php?rest_route=%2Fwp%2Fv2%2Fcategories&post=3682"},{"taxonomy":"post_tag","embeddable":true,"href":"http:\/\/damas.laiglesiadelacomunidad.com\/index.php?rest_route=%2Fwp%2Fv2%2Ftags&post=3682"}],"curies":[{"name":"wp","href":"https:\/\/api.w.org\/{rel}","templated":true}]}}