{"id":3672,"date":"2014-04-23T11:46:13","date_gmt":"2014-04-23T16:46:13","guid":{"rendered":"http:\/\/damas.laiglesiadelacomunidad.com\/?p=3672"},"modified":"2014-04-23T11:52:42","modified_gmt":"2014-04-23T16:52:42","slug":"proverbios-15","status":"publish","type":"post","link":"http:\/\/damas.laiglesiadelacomunidad.com\/?p=3672","title":{"rendered":"Proverbios"},"content":{"rendered":"<div class=\"q\" style=\"color: #444444;\"><span class=\"verse v7\" data-usfm=\"PRO.1.7\"><span class=\"content\">El principio de la sabidur\u00eda es el temor al Se\u00f1or;<\/span><\/span><\/div>\n<div class=\"q\" style=\"color: #444444;\"><span class=\"verse v7\" data-usfm=\"PRO.1.7\">los necios desprecian la sabidur\u00eda y la ense\u00f1anza. Prov. 1:7<\/span><\/div>\n<div class=\"q\" style=\"color: #444444;\"><\/div>\n<p>&nbsp;<\/p>\n<div class=\"q\" style=\"color: #444444;\">\n<div class=\"q\"><span class=\"verse v7\" data-usfm=\"PRO.2.7\"><span class=\"content\">El Se\u00f1or da sabidur\u00eda a los hombres rectos,<\/span><\/span><\/div>\n<div class=\"q\"><span class=\"verse v7\" data-usfm=\"PRO.2.7\">y es el escudo de los que viven con rectitud.<\/span><\/div>\n<div class=\"q\">\n<div class=\"q\"><span class=\"verse v10\" data-usfm=\"PRO.2.10\"><span class=\"content\">Cuando la sabidur\u00eda entre en tu coraz\u00f3n,<\/span><\/span><\/div>\n<div class=\"q\"><span class=\"verse v10\" data-usfm=\"PRO.2.10\">y te deleites con el conocimiento,<\/span><\/div>\n<div class=\"q\"><span class=\"verse v11\" data-usfm=\"PRO.2.11\"><span class=\"content\">la discreci\u00f3n te proteger\u00e1<\/span><\/span><\/div>\n<div class=\"q\"><span class=\"verse v11\" data-usfm=\"PRO.2.11\">y la inteligencia cuidar\u00e1 de ti.<\/span><\/div>\n<div class=\"q\"><span class=\"verse v12\" data-usfm=\"PRO.2.12\"><span class=\"content\">Te librar\u00e1 del mal camino<\/span><\/span><\/div>\n<div class=\"q\"><span class=\"verse v12\" data-usfm=\"PRO.2.12\">y de los que dicen cosas perversas,<\/span><\/div>\n<div class=\"q\"><span class=\"verse v13\" data-usfm=\"PRO.2.13\"><span class=\"content\">de los que dejan el camino recto<\/span><\/span><\/div>\n<div class=\"q\"><span class=\"verse v13\" data-usfm=\"PRO.2.13\">para andar por senderos tenebrosos;<\/span><\/div>\n<div class=\"q\"><span class=\"verse v14\" data-usfm=\"PRO.2.14\"><span class=\"content\">de los que gozan haciendo el mal,<\/span><\/span><\/div>\n<div class=\"q\"><span class=\"verse v14\" data-usfm=\"PRO.2.14\">y se alegran de sus actos perversos.<\/span><\/div>\n<div class=\"q\"><span class=\"verse v15\" data-usfm=\"PRO.2.15\"><span class=\"content\">Sus senderos son torcidos;<\/span><\/span><\/div>\n<div class=\"q\"><span class=\"verse v15\" data-usfm=\"PRO.2.15\">sus caminos han perdido el rumbo. Prov 2:7, 10-15<\/span><\/div>\n<p>&nbsp;<\/p>\n<div class=\"q\"><\/div>\n<div class=\"q\">\n<div class=\"q\"><span class=\"verse v11\" data-usfm=\"PRO.3.11\"><span class=\"content\">Hijo m\u00edo, no desde\u00f1es la correcci\u00f3n del Se\u00f1or;<\/span><\/span><\/div>\n<div class=\"q\"><span class=\"verse v11\" data-usfm=\"PRO.3.11\"><span class=\"content\">no te sientas mal cuando te reprenda.<\/span><\/span><\/div>\n<div class=\"q\"><span class=\"verse v12\" data-usfm=\"PRO.3.12\"><span class=\"content\">El Se\u00f1or corrige<\/span><span class=\"content\">\u00a0al que ama<\/span><\/span><\/div>\n<div class=\"q\"><span class=\"verse v12\" data-usfm=\"PRO.3.12\">como lo hace el padre con su hijo amado.<\/span><\/div>\n<div class=\"q\">\n<div class=\"q\"><span class=\"verse v29\" data-usfm=\"PRO.3.29\"><span class=\"content\">No hagas planes malvados contra tu pr\u00f3jimo;<\/span><\/span><\/div>\n<div class=\"q\"><span class=\"verse v29\" data-usfm=\"PRO.3.29\">es tu pr\u00f3jimo y vive confiando en ti.<\/span><\/div>\n<div class=\"q\"><span class=\"verse v30\" data-usfm=\"PRO.3.30\"><span class=\"content\">No entables sin motivo pleitos contra nadie,<\/span><\/span><\/div>\n<div class=\"q\"><span class=\"verse v30\" data-usfm=\"PRO.3.30\">mucho menos si no te han agraviado.<\/span><\/div>\n<div class=\"q\"><span class=\"verse v31\" data-usfm=\"PRO.3.31\"><span class=\"content\">No envidies a la gente violenta,<\/span><\/span><\/div>\n<div class=\"q\"><span class=\"verse v31\" data-usfm=\"PRO.3.31\">ni escojas ninguno de sus caminos,<\/span><\/div>\n<div class=\"q\"><span class=\"verse v32\" data-usfm=\"PRO.3.32\"><span class=\"content\">porque al Se\u00f1or le repugnan los perversos,<\/span><\/span><\/div>\n<div class=\"q\"><span class=\"verse v32\" data-usfm=\"PRO.3.32\">pero es amigo de los hombres honrados.<\/span><\/div>\n<p><span class=\"verse v12\" data-usfm=\"PRO.3.12\">Prov 3:11-12, 29-32<\/span><\/div>\n<\/div>\n<\/div>\n<\/div>\n","protected":false},"excerpt":{"rendered":"<p>El principio de la sabidur\u00eda es el temor al Se\u00f1or; los necios desprecian la sabidur\u00eda y la ense\u00f1anza. Prov. 1:7 &nbsp; El Se\u00f1or da sabidur\u00eda a los hombres rectos, y es el escudo de los que viven con rectitud. Cuando la sabidur\u00eda entre en tu coraz\u00f3n, y te deleites con el conocimiento, la discreci\u00f3n te &hellip; <a href=\"http:\/\/damas.laiglesiadelacomunidad.com\/?p=3672\" class=\"more-link\">Continue reading <span class=\"screen-reader-text\">Proverbios<\/span> <span class=\"meta-nav\">&rarr;<\/span><\/a><\/p>\n","protected":false},"author":2,"featured_media":0,"comment_status":"open","ping_status":"open","sticky":false,"template":"","format":"link","meta":{"footnotes":""},"categories":[15],"tags":[],"_links":{"self":[{"href":"http:\/\/damas.laiglesiadelacomunidad.com\/index.php?rest_route=\/wp\/v2\/posts\/3672"}],"collection":[{"href":"http:\/\/damas.laiglesiadelacomunidad.com\/index.php?rest_route=\/wp\/v2\/posts"}],"about":[{"href":"http:\/\/damas.laiglesiadelacomunidad.com\/index.php?rest_route=\/wp\/v2\/types\/post"}],"author":[{"embeddable":true,"href":"http:\/\/damas.laiglesiadelacomunidad.com\/index.php?rest_route=\/wp\/v2\/users\/2"}],"replies":[{"embeddable":true,"href":"http:\/\/damas.laiglesiadelacomunidad.com\/index.php?rest_route=%2Fwp%2Fv2%2Fcomments&post=3672"}],"version-history":[{"count":7,"href":"http:\/\/damas.laiglesiadelacomunidad.com\/index.php?rest_route=\/wp\/v2\/posts\/3672\/revisions"}],"predecessor-version":[{"id":3681,"href":"http:\/\/damas.laiglesiadelacomunidad.com\/index.php?rest_route=\/wp\/v2\/posts\/3672\/revisions\/3681"}],"wp:attachment":[{"href":"http:\/\/damas.laiglesiadelacomunidad.com\/index.php?rest_route=%2Fwp%2Fv2%2Fmedia&parent=3672"}],"wp:term":[{"taxonomy":"category","embeddable":true,"href":"http:\/\/damas.laiglesiadelacomunidad.com\/index.php?rest_route=%2Fwp%2Fv2%2Fcategories&post=3672"},{"taxonomy":"post_tag","embeddable":true,"href":"http:\/\/damas.laiglesiadelacomunidad.com\/index.php?rest_route=%2Fwp%2Fv2%2Ftags&post=3672"}],"curies":[{"name":"wp","href":"https:\/\/api.w.org\/{rel}","templated":true}]}}