{"id":3665,"date":"2014-04-22T20:52:41","date_gmt":"2014-04-23T01:52:41","guid":{"rendered":"http:\/\/damas.laiglesiadelacomunidad.com\/?p=3665"},"modified":"2014-04-22T20:52:42","modified_gmt":"2014-04-23T01:52:42","slug":"gracias-senor-por-raulito","status":"publish","type":"post","link":"http:\/\/damas.laiglesiadelacomunidad.com\/?p=3665","title":{"rendered":"Gracias Se\u00f1or por Raulito"},"content":{"rendered":"<p>T\u00fa, Se\u00f1or, diste forma a mis entra\u00f1as; \u00a1t\u00fa me formaste en el vientre de mi madre! Te alabo porque tus obras son formidables, porque todo lo que haces es maravilloso. \u00a1De esto estoy plenamente convencido! (Salmos 139:13, 14 RVC)<\/p>\n<p><a href=\"http:\/\/damas.laiglesiadelacomunidad.com\/wp-content\/uploads\/2014\/04\/20140422-205228.jpg\"><img decoding=\"async\" src=\"http:\/\/damas.laiglesiadelacomunidad.com\/wp-content\/uploads\/2014\/04\/20140422-205228.jpg\" alt=\"20140422-205228.jpg\" class=\"alignnone size-full\" \/><\/a><\/p>\n","protected":false},"excerpt":{"rendered":"<p>T\u00fa, Se\u00f1or, diste forma a mis entra\u00f1as; \u00a1t\u00fa me formaste en el vientre de mi madre! Te alabo porque tus obras son formidables, porque todo lo que haces es maravilloso. \u00a1De esto estoy plenamente convencido! (Salmos 139:13, 14 RVC)<\/p>\n","protected":false},"author":2,"featured_media":0,"comment_status":"open","ping_status":"open","sticky":false,"template":"","format":"chat","meta":{"footnotes":""},"categories":[1],"tags":[],"_links":{"self":[{"href":"http:\/\/damas.laiglesiadelacomunidad.com\/index.php?rest_route=\/wp\/v2\/posts\/3665"}],"collection":[{"href":"http:\/\/damas.laiglesiadelacomunidad.com\/index.php?rest_route=\/wp\/v2\/posts"}],"about":[{"href":"http:\/\/damas.laiglesiadelacomunidad.com\/index.php?rest_route=\/wp\/v2\/types\/post"}],"author":[{"embeddable":true,"href":"http:\/\/damas.laiglesiadelacomunidad.com\/index.php?rest_route=\/wp\/v2\/users\/2"}],"replies":[{"embeddable":true,"href":"http:\/\/damas.laiglesiadelacomunidad.com\/index.php?rest_route=%2Fwp%2Fv2%2Fcomments&post=3665"}],"version-history":[{"count":1,"href":"http:\/\/damas.laiglesiadelacomunidad.com\/index.php?rest_route=\/wp\/v2\/posts\/3665\/revisions"}],"predecessor-version":[{"id":3666,"href":"http:\/\/damas.laiglesiadelacomunidad.com\/index.php?rest_route=\/wp\/v2\/posts\/3665\/revisions\/3666"}],"wp:attachment":[{"href":"http:\/\/damas.laiglesiadelacomunidad.com\/index.php?rest_route=%2Fwp%2Fv2%2Fmedia&parent=3665"}],"wp:term":[{"taxonomy":"category","embeddable":true,"href":"http:\/\/damas.laiglesiadelacomunidad.com\/index.php?rest_route=%2Fwp%2Fv2%2Fcategories&post=3665"},{"taxonomy":"post_tag","embeddable":true,"href":"http:\/\/damas.laiglesiadelacomunidad.com\/index.php?rest_route=%2Fwp%2Fv2%2Ftags&post=3665"}],"curies":[{"name":"wp","href":"https:\/\/api.w.org\/{rel}","templated":true}]}}