{"id":3658,"date":"2014-04-22T07:46:39","date_gmt":"2014-04-22T12:46:39","guid":{"rendered":"http:\/\/damas.laiglesiadelacomunidad.com\/?p=3658"},"modified":"2014-04-22T21:08:18","modified_gmt":"2014-04-23T02:08:18","slug":"versiculos-para-meditar-17","status":"publish","type":"post","link":"http:\/\/damas.laiglesiadelacomunidad.com\/?p=3658","title":{"rendered":"Vers\u00edculos para Meditar"},"content":{"rendered":"<div class=\"q\" style=\"color: #444444;\"><span class=\"verse v23\" style=\"color: #ffffff;\" data-usfm=\"PSA.139.23\"><span class=\"content\">Se\u00f1or, examina y reconoce mi coraz\u00f3n:<\/span><\/span><\/div>\n<div class=\"q\" style=\"color: #444444;\"><span class=\"verse v23\" style=\"color: #ffffff;\" data-usfm=\"PSA.139.23\">pon a prueba cada uno de mis pensamientos.<\/span><\/div>\n<div class=\"q\" style=\"color: #444444;\"><span class=\"verse v24\" style=\"color: #ffffff;\" data-usfm=\"PSA.139.24\"><span class=\"content\">As\u00ed ver\u00e1s si voy por mal camino,<\/span><\/span><\/div>\n<div class=\"q\" style=\"color: #444444;\"><span class=\"verse v24\" style=\"color: #ffffff;\" data-usfm=\"PSA.139.24\">y me guiar\u00e1s por el camino eterno. Salmos 139:23-24<\/span><\/div>\n","protected":false},"excerpt":{"rendered":"<p>Se\u00f1or, examina y reconoce mi coraz\u00f3n: pon a prueba cada uno de mis pensamientos. As\u00ed ver\u00e1s si voy por mal camino, y me guiar\u00e1s por el camino eterno. Salmos 139:23-24<\/p>\n","protected":false},"author":2,"featured_media":0,"comment_status":"open","ping_status":"open","sticky":false,"template":"","format":"status","meta":{"footnotes":""},"categories":[1],"tags":[],"_links":{"self":[{"href":"http:\/\/damas.laiglesiadelacomunidad.com\/index.php?rest_route=\/wp\/v2\/posts\/3658"}],"collection":[{"href":"http:\/\/damas.laiglesiadelacomunidad.com\/index.php?rest_route=\/wp\/v2\/posts"}],"about":[{"href":"http:\/\/damas.laiglesiadelacomunidad.com\/index.php?rest_route=\/wp\/v2\/types\/post"}],"author":[{"embeddable":true,"href":"http:\/\/damas.laiglesiadelacomunidad.com\/index.php?rest_route=\/wp\/v2\/users\/2"}],"replies":[{"embeddable":true,"href":"http:\/\/damas.laiglesiadelacomunidad.com\/index.php?rest_route=%2Fwp%2Fv2%2Fcomments&post=3658"}],"version-history":[{"count":2,"href":"http:\/\/damas.laiglesiadelacomunidad.com\/index.php?rest_route=\/wp\/v2\/posts\/3658\/revisions"}],"predecessor-version":[{"id":3667,"href":"http:\/\/damas.laiglesiadelacomunidad.com\/index.php?rest_route=\/wp\/v2\/posts\/3658\/revisions\/3667"}],"wp:attachment":[{"href":"http:\/\/damas.laiglesiadelacomunidad.com\/index.php?rest_route=%2Fwp%2Fv2%2Fmedia&parent=3658"}],"wp:term":[{"taxonomy":"category","embeddable":true,"href":"http:\/\/damas.laiglesiadelacomunidad.com\/index.php?rest_route=%2Fwp%2Fv2%2Fcategories&post=3658"},{"taxonomy":"post_tag","embeddable":true,"href":"http:\/\/damas.laiglesiadelacomunidad.com\/index.php?rest_route=%2Fwp%2Fv2%2Ftags&post=3658"}],"curies":[{"name":"wp","href":"https:\/\/api.w.org\/{rel}","templated":true}]}}