{"id":3654,"date":"2014-04-21T23:51:52","date_gmt":"2014-04-22T04:51:52","guid":{"rendered":"http:\/\/damas.laiglesiadelacomunidad.com\/?p=3654"},"modified":"2014-04-21T23:51:52","modified_gmt":"2014-04-22T04:51:52","slug":"versiculos-para-meditar-16","status":"publish","type":"post","link":"http:\/\/damas.laiglesiadelacomunidad.com\/?p=3654","title":{"rendered":"Vers\u00edculos para Meditar"},"content":{"rendered":"<p>Pero que se alegren todos los que en ti conf\u00edan; que griten siempre de j\u00fabilo, porque t\u00fa los defiendes; que vivan felices los que aman tu nombre. T\u00fa, Se\u00f1or, bendices al hombre justo; tu favor lo rodea, como un escudo. (Salmos 5:11, 12 RVC)<\/p>\n","protected":false},"excerpt":{"rendered":"<p>Pero que se alegren todos los que en ti conf\u00edan; que griten siempre de j\u00fabilo, porque t\u00fa los defiendes; que vivan felices los que aman tu nombre. T\u00fa, Se\u00f1or, bendices al hombre justo; tu favor lo rodea, como un escudo. (Salmos 5:11, 12 RVC)<\/p>\n","protected":false},"author":2,"featured_media":0,"comment_status":"open","ping_status":"open","sticky":false,"template":"","format":"gallery","meta":{"footnotes":""},"categories":[5],"tags":[],"_links":{"self":[{"href":"http:\/\/damas.laiglesiadelacomunidad.com\/index.php?rest_route=\/wp\/v2\/posts\/3654"}],"collection":[{"href":"http:\/\/damas.laiglesiadelacomunidad.com\/index.php?rest_route=\/wp\/v2\/posts"}],"about":[{"href":"http:\/\/damas.laiglesiadelacomunidad.com\/index.php?rest_route=\/wp\/v2\/types\/post"}],"author":[{"embeddable":true,"href":"http:\/\/damas.laiglesiadelacomunidad.com\/index.php?rest_route=\/wp\/v2\/users\/2"}],"replies":[{"embeddable":true,"href":"http:\/\/damas.laiglesiadelacomunidad.com\/index.php?rest_route=%2Fwp%2Fv2%2Fcomments&post=3654"}],"version-history":[{"count":1,"href":"http:\/\/damas.laiglesiadelacomunidad.com\/index.php?rest_route=\/wp\/v2\/posts\/3654\/revisions"}],"predecessor-version":[{"id":3655,"href":"http:\/\/damas.laiglesiadelacomunidad.com\/index.php?rest_route=\/wp\/v2\/posts\/3654\/revisions\/3655"}],"wp:attachment":[{"href":"http:\/\/damas.laiglesiadelacomunidad.com\/index.php?rest_route=%2Fwp%2Fv2%2Fmedia&parent=3654"}],"wp:term":[{"taxonomy":"category","embeddable":true,"href":"http:\/\/damas.laiglesiadelacomunidad.com\/index.php?rest_route=%2Fwp%2Fv2%2Fcategories&post=3654"},{"taxonomy":"post_tag","embeddable":true,"href":"http:\/\/damas.laiglesiadelacomunidad.com\/index.php?rest_route=%2Fwp%2Fv2%2Ftags&post=3654"}],"curies":[{"name":"wp","href":"https:\/\/api.w.org\/{rel}","templated":true}]}}