{"id":3633,"date":"2014-04-20T23:07:43","date_gmt":"2014-04-21T04:07:43","guid":{"rendered":"http:\/\/damas.laiglesiadelacomunidad.com\/?p=3633"},"modified":"2014-05-07T23:21:18","modified_gmt":"2014-05-08T04:21:18","slug":"reunion-domingo-de-resurrecion","status":"publish","type":"post","link":"http:\/\/damas.laiglesiadelacomunidad.com\/?p=3633","title":{"rendered":"Reuni\u00f3n Domingo de Resurreci\u00f3n"},"content":{"rendered":"<h3>Domingo de Resurecci\u00f3n<\/h3>\n<h6>Gracias \u00a0Se\u00f1or por la linda noche que nos distes hoy, gracias por darnos lluvia y darnos sol. Gracias a todas las personas que domingo a domingo colaboran con el arreglo y con el caf\u00e9, sin \u00e9ste trabajo nada de lo que pasa los domingos podr\u00eda ocurrir, as\u00ed que much\u00edsimas gracias. por poner prioridad en este trabajo tan importante.<\/h6>\n<h6>Muchas veces perdemos el significado de \u00e9ste d\u00eda y nos desenfocamos pensando en que vamos a cocinar , a que parque vamos a ir, en nuestros paices se toman toda la semana de vacaciones \u00a0y aprovechan para ir al mar. Pero realmente no importa como lo celebramos, lo que importa es que celebramos, y lo que celebramos es la resurecci\u00f3n de Jes\u00fas y esto es important\u00edsimo porque en su resurecci\u00f3n el venci\u00f3 la muerte, y por eso es que nosotros podemos gozar de vida eterna si lo aceptamos como nuestro Se\u00f1or y Salvador, cuando realizamos esto vemos que \u00a0\u00e9l no fue cualquier hombre, \u00e9l era el hijo de Dios y era Dios y al morir, resucitar y ascender a los cielos nos dejo parte de \u00e9l su esp\u00edritu que ahora mora en sus seguidores, en aquellos que han tomado la decisi\u00f3n de seguirle por arrepentirse y bautizares y que siguen todo los que \u00e9l ordena.<\/h6>\n<h6><em><span class=\"text John-20-1\" style=\"color: #000000;\"><span class=\"chapternum\" style=\"font-weight: bold;\">\u00a0<\/span><span style=\"color: #ffff99;\">El primer d\u00eda de la semana, muy temprano, cuando todav\u00eda estaba oscuro, Mar\u00eda Magdalena fue al sepulcro y vio que la piedra del sepulcro hab\u00eda sido quitada.<\/span><\/span><span style=\"color: #ffff99;\">\u00a0<span id=\"es-RVC-26871\" class=\"text John-20-2\">Entonces fue corriendo a ver a Sim\u00f3n Pedro y al otro disc\u00edpulo, aquel al que Jes\u00fas amaba, y les dijo: \u00ab\u00a1Se han llevado del sepulcro al Se\u00f1or, y no sabemos d\u00f3nde lo han puesto!\u00bb<\/span>\u00a0<span id=\"es-RVC-26872\" class=\"text John-20-3\">Pedro y el otro disc\u00edpulo salieron y fueron al sepulcro.<\/span>\u00a0<span id=\"es-RVC-26873\" class=\"text John-20-4\">Corr\u00edan los dos juntos, aunque el otro disc\u00edpulo corri\u00f3 m\u00e1s aprisa que Pedro, y lleg\u00f3 primero al sepulcro.<\/span>\u00a0<span id=\"es-RVC-26874\" class=\"text John-20-5\">Cuando se acerc\u00f3 para mirar, vio los lienzos puestos all\u00ed, pero no entr\u00f3.<\/span>\u00a0<span id=\"es-RVC-26875\" class=\"text John-20-6\">Tras \u00e9l lleg\u00f3 Sim\u00f3n Pedro, y entr\u00f3 en el sepulcro, y vio los lienzos puestos all\u00ed;<\/span>\u00a0<span id=\"es-RVC-26876\" class=\"text John-20-7\">pero el sudario, que hab\u00eda estado sobre la cabeza de Jes\u00fas, no estaba puesto con los lienzos, sino enrollado en un lugar aparte.<\/span>\u00a0<span id=\"es-RVC-26877\" class=\"text John-20-8\">Entonces entr\u00f3 tambi\u00e9n el otro disc\u00edpulo, el que hab\u00eda llegado primero al sepulcro; y al ver todo eso, crey\u00f3.<\/span>\u00a0<span id=\"es-RVC-26878\" class=\"text John-20-9\">Y es que a\u00fan no hab\u00edan entendido la Escritura, de que era necesario que \u00e9l resucitara de los muertos.<\/span>\u00a0<span id=\"es-RVC-26879\" class=\"text John-20-10\">Y los disc\u00edpulos volvieron a sus casas. Juan 20:1-10<\/span><\/span><\/em><\/h6>\n<h6 style=\"font-style: normal; color: #000000;\"><span style=\"color: #ffff99;\"><span class=\"text John-20-19\">La noche de ese mismo d\u00eda, el primero de la semana, los disc\u00edpulos estaban reunidos a puerta cerrada en un lugar, por miedo a los jud\u00edos. En eso lleg\u00f3 Jes\u00fas, se puso en medio y les dijo: \u00abLa paz sea con ustedes.\u00bb<\/span>\u00a0<span id=\"es-RVC-26889\" class=\"text John-20-20\">Y mientras les dec\u00eda esto, les mostr\u00f3 sus manos y su costado. Y los disc\u00edpulos se regocijaron al ver al Se\u00f1or.<\/span>\u00a0<span id=\"es-RVC-26890\" class=\"text John-20-21\">Entonces Jes\u00fas les dijo una vez m\u00e1s: \u00abLa paz sea con ustedes. As\u00ed como el Padre me envi\u00f3, tambi\u00e9n yo los env\u00edo a ustedes.\u00bb<\/span>\u00a0<span id=\"es-RVC-26891\" class=\"text John-20-22\">Y habiendo dicho esto, sopl\u00f3 y les dijo: \u00abReciban el Esp\u00edritu Santo.<\/span>\u00a0<span id=\"es-RVC-26892\" class=\"text John-20-23\">A quienes ustedes perdonen los pecados, les ser\u00e1n perdonados; y a quienes no se los perdonen, no les ser\u00e1n perdonados.\u00bb<\/span><\/span><\/h6>\n<h6 style=\"font-style: normal; color: #000000;\"><em><span style=\"color: #ffff99;\"><span class=\"text John-20-24\">Pero Tom\u00e1s, uno de los doce, conocido como el D\u00eddimo, no estaba con ellos cuando Jes\u00fas vino.<\/span>\u00a0<span id=\"es-RVC-26894\" class=\"text John-20-25\"><span class=\"versenum\">25\u00a0<\/span>Entonces los otros disc\u00edpulos le dijeron: \u00abHemos visto al Se\u00f1or.\u00bb Y \u00e9l les dijo: \u00abSi yo no veo en sus manos la se\u00f1al de los clavos, ni meto mi dedo en el lugar de los clavos, y mi mano en su costado, no creer\u00e9.\u00bb<\/span><\/span><\/em><\/h6>\n<h6 style=\"font-style: normal; color: #000000;\"><span style=\"color: #ffff99;\"><span id=\"es-RVC-26895\" class=\"text John-20-26\">Ocho d\u00edas despu\u00e9s, sus disc\u00edpulos estaban otra vez a puerta cerrada, y Tom\u00e1s estaba con ellos. Estando las puertas cerradas, Jes\u00fas lleg\u00f3, se puso en medio de ellos y les dijo: \u00abLa paz sea con ustedes.\u00bb<\/span>\u00a0<span id=\"es-RVC-26896\" class=\"text John-20-27\">Luego le dijo a Tom\u00e1s: \u00abPon aqu\u00ed tu dedo, y mira mis manos; y acerca tu mano, y m\u00e9tela en mi costado; y no seas incr\u00e9dulo, sino creyente.\u00bb<\/span>\u00a0<span id=\"es-RVC-26897\" class=\"text John-20-28\">Entonces Tom\u00e1s respondi\u00f3 y le dijo: \u00ab\u00a1Se\u00f1or m\u00edo, y Dios m\u00edo!\u00bb<\/span>\u00a0<span id=\"es-RVC-26898\" class=\"text John-20-29\">Jes\u00fas le dijo: \u00abTom\u00e1s, has cre\u00eddo porque me has visto. Bienaventurados los que no vieron y creyeron.\u00bb<\/span><\/span><\/h6>\n<h6 style=\"font-style: normal; color: #000000;\"><em><span style=\"color: #ffff99;\"><span class=\"text John-20-30\"><span class=\"versenum\">\u00a0<\/span>Jes\u00fas hizo muchas otras se\u00f1ales en presencia de sus disc\u00edpulos, las cuales no est\u00e1n escritas en este libro.<\/span>\u00a0<span id=\"es-RVC-26900\" class=\"text John-20-31\"><span class=\"versenum\">\u00a0<\/span>Pero \u00e9stas se han escrito para que ustedes crean que Jes\u00fas es el Cristo, el Hijo de Dios, y para que al creer, tengan vida en su nombre. Juan 20:19-31<\/span><\/span><\/em><\/h6>\n<h6>Se\u00f1or te pedimos que nos ayudes a tomar la decisi\u00f3n de aceptar que realmente Jes\u00fas es nuestro Se\u00f1or y Salvador, no solo que lo digamos pero que con nuestra vida tambi\u00e9n lo prediquemos. Te lo pedimos en Su nombre. Am\u00e9n<\/h6>\n<h6>Por favor sigamos orando por Raulito y la salud de do\u00f1a Elsa y Obdulia.<\/h6>\n<h6>Que pasen una linda Semana, Dios las cuide y proteja del mal.<\/h6>\n<p>Jackie C.<\/p>\n<h6 style=\"font-style: normal; color: #000000;\"><\/h6>\n<p><a href=\"http:\/\/damas.laiglesiadelacomunidad.com\/wp-content\/uploads\/2014\/04\/20140420-231024.jpg\"><img decoding=\"async\" src=\"http:\/\/damas.laiglesiadelacomunidad.com\/wp-content\/uploads\/2014\/04\/20140420-231024.jpg\" alt=\"20140420-231024.jpg\" class=\"alignnone size-full\" \/><\/a><\/p>\n<p><a href=\"http:\/\/damas.laiglesiadelacomunidad.com\/wp-content\/uploads\/2014\/04\/20140420-231034.jpg\"><img decoding=\"async\" src=\"http:\/\/damas.laiglesiadelacomunidad.com\/wp-content\/uploads\/2014\/04\/20140420-231034.jpg\" alt=\"20140420-231034.jpg\" class=\"alignnone size-full\" \/><\/a><\/p>\n<p><a href=\"http:\/\/damas.laiglesiadelacomunidad.com\/wp-content\/uploads\/2014\/04\/20140420-231047.jpg\"><img decoding=\"async\" src=\"http:\/\/damas.laiglesiadelacomunidad.com\/wp-content\/uploads\/2014\/04\/20140420-231047.jpg\" alt=\"20140420-231047.jpg\" class=\"alignnone size-full\" \/><\/a><\/p>\n<p><a href=\"http:\/\/damas.laiglesiadelacomunidad.com\/wp-content\/uploads\/2014\/04\/20140420-231057.jpg\"><img decoding=\"async\" src=\"http:\/\/damas.laiglesiadelacomunidad.com\/wp-content\/uploads\/2014\/04\/20140420-231057.jpg\" alt=\"20140420-231057.jpg\" class=\"alignnone size-full\" \/><\/a><\/p>\n<p><a href=\"http:\/\/damas.laiglesiadelacomunidad.com\/wp-content\/uploads\/2014\/04\/20140420-231104.jpg\"><img decoding=\"async\" src=\"http:\/\/damas.laiglesiadelacomunidad.com\/wp-content\/uploads\/2014\/04\/20140420-231104.jpg\" alt=\"20140420-231104.jpg\" class=\"alignnone size-full\" \/><\/a><\/p>\n<p><a href=\"http:\/\/damas.laiglesiadelacomunidad.com\/wp-content\/uploads\/2014\/04\/20140420-231113.jpg\"><img decoding=\"async\" src=\"http:\/\/damas.laiglesiadelacomunidad.com\/wp-content\/uploads\/2014\/04\/20140420-231113.jpg\" alt=\"20140420-231113.jpg\" class=\"alignnone size-full\" \/><\/a><\/p>\n<p><a href=\"http:\/\/damas.laiglesiadelacomunidad.com\/wp-content\/uploads\/2014\/04\/20140420-231125.jpg\"><img decoding=\"async\" src=\"http:\/\/damas.laiglesiadelacomunidad.com\/wp-content\/uploads\/2014\/04\/20140420-231125.jpg\" alt=\"20140420-231125.jpg\" class=\"alignnone size-full\" \/><\/a><\/p>\n","protected":false},"excerpt":{"rendered":"<p>Domingo de Resurecci\u00f3n Gracias \u00a0Se\u00f1or por la linda noche que nos distes hoy, gracias por darnos lluvia y darnos sol. Gracias a todas las personas que domingo a domingo colaboran con el arreglo y con el caf\u00e9, sin \u00e9ste trabajo nada de lo que pasa los domingos podr\u00eda ocurrir, as\u00ed que much\u00edsimas gracias. por poner &hellip; <a href=\"http:\/\/damas.laiglesiadelacomunidad.com\/?p=3633\" class=\"more-link\">Continue reading <span class=\"screen-reader-text\">Reuni\u00f3n Domingo de Resurreci\u00f3n<\/span> <span class=\"meta-nav\">&rarr;<\/span><\/a><\/p>\n","protected":false},"author":2,"featured_media":0,"comment_status":"open","ping_status":"open","sticky":false,"template":"","format":"status","meta":{"footnotes":""},"categories":[1],"tags":[],"_links":{"self":[{"href":"http:\/\/damas.laiglesiadelacomunidad.com\/index.php?rest_route=\/wp\/v2\/posts\/3633"}],"collection":[{"href":"http:\/\/damas.laiglesiadelacomunidad.com\/index.php?rest_route=\/wp\/v2\/posts"}],"about":[{"href":"http:\/\/damas.laiglesiadelacomunidad.com\/index.php?rest_route=\/wp\/v2\/types\/post"}],"author":[{"embeddable":true,"href":"http:\/\/damas.laiglesiadelacomunidad.com\/index.php?rest_route=\/wp\/v2\/users\/2"}],"replies":[{"embeddable":true,"href":"http:\/\/damas.laiglesiadelacomunidad.com\/index.php?rest_route=%2Fwp%2Fv2%2Fcomments&post=3633"}],"version-history":[{"count":8,"href":"http:\/\/damas.laiglesiadelacomunidad.com\/index.php?rest_route=\/wp\/v2\/posts\/3633\/revisions"}],"predecessor-version":[{"id":3826,"href":"http:\/\/damas.laiglesiadelacomunidad.com\/index.php?rest_route=\/wp\/v2\/posts\/3633\/revisions\/3826"}],"wp:attachment":[{"href":"http:\/\/damas.laiglesiadelacomunidad.com\/index.php?rest_route=%2Fwp%2Fv2%2Fmedia&parent=3633"}],"wp:term":[{"taxonomy":"category","embeddable":true,"href":"http:\/\/damas.laiglesiadelacomunidad.com\/index.php?rest_route=%2Fwp%2Fv2%2Fcategories&post=3633"},{"taxonomy":"post_tag","embeddable":true,"href":"http:\/\/damas.laiglesiadelacomunidad.com\/index.php?rest_route=%2Fwp%2Fv2%2Ftags&post=3633"}],"curies":[{"name":"wp","href":"https:\/\/api.w.org\/{rel}","templated":true}]}}