{"id":3574,"date":"2014-04-17T12:43:52","date_gmt":"2014-04-17T17:43:52","guid":{"rendered":"http:\/\/damas.laiglesiadelacomunidad.com\/?p=3574"},"modified":"2014-04-19T11:16:46","modified_gmt":"2014-04-19T16:16:46","slug":"peticiones-para-el-dia-de-ayuno-de-damas","status":"publish","type":"post","link":"http:\/\/damas.laiglesiadelacomunidad.com\/?p=3574","title":{"rendered":"Peticiones para el d\u00eda de ayuno de Damas"},"content":{"rendered":"<p>\u00bbGracias Se\u00f1or por todas tus bondades, gracia, misericordia y fidelidad hacia este grupo.<\/p>\n<p><strong>Oremos; <\/strong><\/p>\n<p>\u00bb Para que Dios cuide y guie a su iglesia, nos proteja de los ataques de S\u00e1tanas y sus demonios y nos haga ver claramente cuando estamos cayendo en el mal y que nos libre de toda tentaci\u00f3n.<\/p>\n<p>\u00bbQu\u00e9 Dios siga derramando sobre nosotros su Esp\u00edtu y su Sab\u00edduria y nos de ancias de conocer m\u00e1s de su palabra y tener m\u00e1s fe.<\/p>\n<p>\u00bbQue Dios nos ayude a cumplir con sus pr\u00f3positos, de predicar el evangelio a los que no lo han oido y ayudemos a personas lejos de \u00e9l a hallar Paz y Pr\u00f3posito en Cristo.<\/p>\n<p>\u00bbQue Dios siga levantando hombres y mujeres fieles a esta obra, que busquen agradar al Se\u00f1or.<\/p>\n<p>\u00bbGracias Se\u00f1or por cuidar de Raulito, gracias por mostrarnos tu amor y gracias a traves de \u00e9l, \u00a0gracias por protegerlo y por darle a su familia paz entre tanta angustia, te pedimos que lo sigas cuidando y que pueda crecer \u00a0fuerte, sano y sin complicaciones.<\/p>\n<p>\u00bbTe pedimos por do\u00f1a Elsa y todas las que sufren enfermedades que les des alivio de sus malestares.<\/p>\n<p>\u00bb Te pedimos por las que todav\u00eda no ha tomado la decisi\u00f3n de seguirte, que tu los sigas guiando, les sigas dando entendimiento y animos para tomar ese paso.<\/p>\n<p>\u00bbTe pedimos por todos los grupos de estudio, que sea tu Esp\u00edritu Santo quien los guie.<\/p>\n<p>\u00bbPor Rosalba y su familia. Que Dios la cuide y proteja<\/p>\n<p>\u00bbPor las peticiones del coraz\u00f3n de Albita.<\/p>\n<p>\u00bbPor la familia de Hilda.<\/p>\n<p>\u00bbQue Dios cuide del embarazo de la hermana de la amiga de Lupita.<\/p>\n<p>\u00bbPor nuestras familias en M\u00e9xico y por las personas que sufrieron da\u00f1os por el terremoto, Dios los cuide y proteja.<\/p>\n<p>\u00bbPor la seguridad de nuestras familias que viven en M\u00e9xico, Guatemala, El Salvador y Honduras.<\/p>\n<p>\u00bbPor las personas que estan lejos que los hagas volver a ti.<\/p>\n","protected":false},"excerpt":{"rendered":"<p>\u00bbGracias Se\u00f1or por todas tus bondades, gracia, misericordia y fidelidad hacia este grupo. Oremos; \u00bb Para que Dios cuide y guie a su iglesia, nos proteja de los ataques de S\u00e1tanas y sus demonios y nos haga ver claramente cuando estamos cayendo en el mal y que nos libre de toda tentaci\u00f3n. \u00bbQu\u00e9 Dios siga &hellip; <a href=\"http:\/\/damas.laiglesiadelacomunidad.com\/?p=3574\" class=\"more-link\">Continue reading <span class=\"screen-reader-text\">Peticiones para el d\u00eda de ayuno de Damas<\/span> <span class=\"meta-nav\">&rarr;<\/span><\/a><\/p>\n","protected":false},"author":2,"featured_media":0,"comment_status":"open","ping_status":"open","sticky":false,"template":"","format":"link","meta":{"footnotes":""},"categories":[20],"tags":[],"_links":{"self":[{"href":"http:\/\/damas.laiglesiadelacomunidad.com\/index.php?rest_route=\/wp\/v2\/posts\/3574"}],"collection":[{"href":"http:\/\/damas.laiglesiadelacomunidad.com\/index.php?rest_route=\/wp\/v2\/posts"}],"about":[{"href":"http:\/\/damas.laiglesiadelacomunidad.com\/index.php?rest_route=\/wp\/v2\/types\/post"}],"author":[{"embeddable":true,"href":"http:\/\/damas.laiglesiadelacomunidad.com\/index.php?rest_route=\/wp\/v2\/users\/2"}],"replies":[{"embeddable":true,"href":"http:\/\/damas.laiglesiadelacomunidad.com\/index.php?rest_route=%2Fwp%2Fv2%2Fcomments&post=3574"}],"version-history":[{"count":15,"href":"http:\/\/damas.laiglesiadelacomunidad.com\/index.php?rest_route=\/wp\/v2\/posts\/3574\/revisions"}],"predecessor-version":[{"id":3590,"href":"http:\/\/damas.laiglesiadelacomunidad.com\/index.php?rest_route=\/wp\/v2\/posts\/3574\/revisions\/3590"}],"wp:attachment":[{"href":"http:\/\/damas.laiglesiadelacomunidad.com\/index.php?rest_route=%2Fwp%2Fv2%2Fmedia&parent=3574"}],"wp:term":[{"taxonomy":"category","embeddable":true,"href":"http:\/\/damas.laiglesiadelacomunidad.com\/index.php?rest_route=%2Fwp%2Fv2%2Fcategories&post=3574"},{"taxonomy":"post_tag","embeddable":true,"href":"http:\/\/damas.laiglesiadelacomunidad.com\/index.php?rest_route=%2Fwp%2Fv2%2Ftags&post=3574"}],"curies":[{"name":"wp","href":"https:\/\/api.w.org\/{rel}","templated":true}]}}