{"id":3553,"date":"2014-04-16T22:36:23","date_gmt":"2014-04-17T03:36:23","guid":{"rendered":"http:\/\/damas.laiglesiadelacomunidad.com\/?p=3553"},"modified":"2014-04-17T08:39:37","modified_gmt":"2014-04-17T13:39:37","slug":"estudio-16-de-abril-2014","status":"publish","type":"post","link":"http:\/\/damas.laiglesiadelacomunidad.com\/?p=3553","title":{"rendered":"Estudio 16 de Abril 2014"},"content":{"rendered":"<p>Estudio 16 de Abril 2014<\/p>\n<p><span style=\"color: #ffff99;\">Gracias Se\u00f1or por tan buen estudio, gracias tambi\u00e9n por darnos unidad en lo que creemos, Se\u00f1or te pido que no nos desviemos ni a la derecha, ni a la izquierda con respecto a como alcanzar la salvaci\u00f3n, te pedimos que nos ayudes a rechazar doctrinas falsas que no se apeguen a tu evangelio, que S\u00e1tanas no siga enga\u00f1ando a la humanidad con el mal uso de tu palabra.<\/span><\/p>\n<p><span style=\"color: #ffff99;\">La idea principal de hoy fue: &#8220;solo en Cristo, Dios nos hace perfectos&#8221; \u00a0como vimos el pecado entr\u00f3 al mundo por un s\u00f3lo hombre \u00a0Adan que vi\u00f3 algo sin valor y \u00a0apetitoso, sabiendo que estaba desobedeciendo a Dios lo tom\u00f3 y lo comi\u00f3. Y tambi\u00e9n vimos como un hombre (Jes\u00fas) perfecto sin mancha delante de Dios, vi\u00f3 algo no apetitoso ( el pecado de cada una de nosotras) por obediencia a Dios lo tomo como suyos y fue clavado en las cruz e hizo que cada una de nosotras que ha tomado la decisi\u00f3n de seguirlo (y seamos claras en \u00e9sto la decisi\u00f3n se toma por aconfesar que somos malas y que necesitamos de \u00a0Jes\u00fas y sellamos esta decisi\u00f3n por arrepentirnos y bautizarnos) y por tomar esta decisi\u00f3n ahora estamos justificadas delante de Dios.<\/span><\/p>\n<p><span style=\"color: #ffff99;\"><em><strong><span id=\"es-RVC-27718\" class=\"text Acts-22-12\">All\u00ed viv\u00eda Anan\u00edas, un hombre piadoso y apegado a la ley, de quien todos los jud\u00edos que all\u00ed viv\u00edan hablaban bien.<\/span>\u00a0<span id=\"es-RVC-27719\" class=\"text Acts-22-13\">Anan\u00edas vino, se me acerc\u00f3 y me dijo: \u201cHermano Saulo, \u00a1recibe la vista!\u201d Y en ese mismo instante recobr\u00e9 la vista y pude verlo.<\/span>\u00a0<span id=\"es-RVC-27720\" class=\"text Acts-22-14\">Y \u00e9l me dijo: \u201cEl Dios de nuestros padres te ha escogido para que conozcas su voluntad, y veas al Justo y escuches de sus propios labios su palabra,<\/span>\u00a0<span id=\"es-RVC-27721\" class=\"text Acts-22-15\">pues t\u00fa ser\u00e1s su testigo ante todo el mundo de esto que has visto y o\u00eddo.<\/span>\u00a0<span id=\"es-RVC-27722\" class=\"text Acts-22-16\">\u00bfQu\u00e9 esperas, entonces? \u00a1Lev\u00e1ntate y baut\u00edzate, e invoca su nombre, para que quedes limpio de tus pecados!\u201d Hechos 22:12-16<\/span><\/strong><\/em><\/span><\/p>\n<p class=\"chapter-1\" style=\"color: #000000;\"><span style=\"color: #ffff99;\"><em><strong><span class=\"text Rom-6-1\">Entonces, \u00bfqu\u00e9 diremos? \u00bfSeguiremos pecando, para que la gracia abunde?<\/span>\u00a0<span id=\"es-RVC-28072\" class=\"text Rom-6-2\">\u00a1De ninguna manera! Porque los que hemos muerto al pecado, \u00bfc\u00f3mo podemos seguir viviendo en \u00e9l?<\/span>\u00a0<span id=\"es-RVC-28073\" class=\"text Rom-6-3\">\u00bfNo saben ustedes que todos los que fuimos bautizados en Cristo Jes\u00fas, fuimos bautizados en su muerte?<\/span>\u00a0<span id=\"es-RVC-28074\" class=\"text Rom-6-4\"><span class=\"versenum\">\u00a0<\/span>Porque por el bautismo fuimos sepultados con \u00e9l en su muerte, para que as\u00ed como Cristo resucit\u00f3 de los muertos por la gloria del Padre, as\u00ed tambi\u00e9n nosotros vivamos una vida nueva.\u00a0<\/span><\/strong><\/em><em><strong><span id=\"es-RVC-28075\" class=\"text Rom-6-5\">Porque si nos hemos unido a Cristo en su muerte, as\u00ed tambi\u00e9n nos uniremos a \u00e9l en su resurrecci\u00f3n.<\/span>\u00a0<span id=\"es-RVC-28076\" class=\"text Rom-6-6\"><span class=\"versenum\">\u00a0<\/span>Sabemos que nuestro antiguo yo fue crucificado juntamente con \u00e9l, para que el cuerpo del pecado sea destruido, a fin de que no sirvamos m\u00e1s al pecado.<\/span>\u00a0<span id=\"es-RVC-28077\" class=\"text Rom-6-7\">Porque el que ha muerto, ha sido liberado del pecado.<\/span>\u00a0<span id=\"es-RVC-28078\" class=\"text Rom-6-8\">As\u00ed que, si morimos con Cristo, creemos que tambi\u00e9n viviremos con \u00e9l.<\/span>\u00a0<span id=\"es-RVC-28079\" class=\"text Rom-6-9\">Sabemos que Cristo resucit\u00f3 y que no volver\u00e1 a morir, pues la muerte ya no tiene poder sobre \u00e9l.<\/span>\u00a0<span id=\"es-RVC-28080\" class=\"text Rom-6-10\">Porque en cuanto a su muerte, muri\u00f3 al pecado de una vez y para siempre; pero en cuanto a su vida, vive para Dios.<\/span>\u00a0<span id=\"es-RVC-28081\" class=\"text Rom-6-11\">As\u00ed tambi\u00e9n ustedes, consid\u00e9rense muertos al pecado pero vivos para Dios en Cristo Jes\u00fas, nuestro Se\u00f1or.\u00a0<\/span><\/strong><\/em><em><strong><span id=\"es-RVC-28082\" class=\"text Rom-6-12\">Por lo tanto, no permitan ustedes que el pecado reine en su cuerpo mortal, ni lo obedezcan en sus malos deseos.<\/span>\u00a0<span id=\"es-RVC-28083\" class=\"text Rom-6-13\">Tampoco presenten sus miembros al pecado como instrumentos de iniquidad, sino pres\u00e9ntense ustedes mismos a Dios como vivos de entre los muertos, y presenten sus miembros a Dios como instrumentos de justicia.<\/span>\u00a0<span id=\"es-RVC-28084\" class=\"text Rom-6-14\">El pecado ya no tendr\u00e1 poder sobre ustedes, pues ya no est\u00e1n bajo la ley sino bajo la gracia. Romanos 6:1-14<\/span><\/strong><\/em><\/span><\/p>\n<p class=\"chapter-1\" style=\"color: #000000;\"><span style=\"color: #ffff99;\">Se\u00f1or te pedimos que sigas obrando en \u00e9ste grupo, que nos llenes de tu esp\u00edritu y de tu sabidur\u00eda, que nos hagas mujeres que te amemos de todo coraz\u00f3n no solo de labios, que nos ayudes a ver nuestro pecado y cambiarlo. Te seguimos pidiendo por Raulito y la salud de do\u00f1a Elsa, y por todas las actividades que se estan desarrollando en la iglesia que desarrollen con un esp\u00edritu de amor y alegr\u00eda, y que sirvan para unirnos m\u00e1s y atraer a personas que est\u00e1n necesitadas de Ti , Am\u00e9n.<\/span><\/p>\n<p class=\"chapter-1\" style=\"color: #000000;\"><span style=\"color: #ffff99;\">Si Dios lo permite nos vemos el S\u00e1bado en casa de Kari \ud83d\ude42<\/span><\/p>\n<p class=\"chapter-1\" style=\"color: #000000;\"><span style=\"color: #ffff99;\">Jackie C.<\/span><\/p>\n<p><a href=\"http:\/\/damas.laiglesiadelacomunidad.com\/wp-content\/uploads\/2014\/04\/20140416-223807.jpg\"><img decoding=\"async\" class=\"alignnone size-full\" src=\"http:\/\/damas.laiglesiadelacomunidad.com\/wp-content\/uploads\/2014\/04\/20140416-223807.jpg\" alt=\"20140416-223807.jpg\" \/><\/a><\/p>\n<p><a href=\"http:\/\/damas.laiglesiadelacomunidad.com\/wp-content\/uploads\/2014\/04\/20140416-223822.jpg\"><img decoding=\"async\" class=\"alignnone size-full\" src=\"http:\/\/damas.laiglesiadelacomunidad.com\/wp-content\/uploads\/2014\/04\/20140416-223822.jpg\" alt=\"20140416-223822.jpg\" \/><\/a><\/p>\n<p><a href=\"http:\/\/damas.laiglesiadelacomunidad.com\/wp-content\/uploads\/2014\/04\/20140416-223833.jpg\"><img decoding=\"async\" class=\"alignnone size-full\" src=\"http:\/\/damas.laiglesiadelacomunidad.com\/wp-content\/uploads\/2014\/04\/20140416-223833.jpg\" alt=\"20140416-223833.jpg\" \/><\/a><\/p>\n<p><a href=\"http:\/\/damas.laiglesiadelacomunidad.com\/wp-content\/uploads\/2014\/04\/20140416-223850.jpg\"><img decoding=\"async\" class=\"alignnone size-full\" src=\"http:\/\/damas.laiglesiadelacomunidad.com\/wp-content\/uploads\/2014\/04\/20140416-223850.jpg\" alt=\"20140416-223850.jpg\" \/><\/a><\/p>\n<p><a href=\"http:\/\/damas.laiglesiadelacomunidad.com\/wp-content\/uploads\/2014\/04\/20140416-223907.jpg\"><img decoding=\"async\" class=\"alignnone size-full\" src=\"http:\/\/damas.laiglesiadelacomunidad.com\/wp-content\/uploads\/2014\/04\/20140416-223907.jpg\" alt=\"20140416-223907.jpg\" \/><\/a><\/p>\n<p><a href=\"http:\/\/damas.laiglesiadelacomunidad.com\/wp-content\/uploads\/2014\/04\/20140416-223921.jpg\"><img decoding=\"async\" class=\"alignnone size-full\" src=\"http:\/\/damas.laiglesiadelacomunidad.com\/wp-content\/uploads\/2014\/04\/20140416-223921.jpg\" alt=\"20140416-223921.jpg\" \/><\/a><\/p>\n<p><a href=\"http:\/\/damas.laiglesiadelacomunidad.com\/wp-content\/uploads\/2014\/04\/20140416-223935.jpg\"><img decoding=\"async\" class=\"alignnone size-full\" src=\"http:\/\/damas.laiglesiadelacomunidad.com\/wp-content\/uploads\/2014\/04\/20140416-223935.jpg\" alt=\"20140416-223935.jpg\" \/><\/a><\/p>\n<p><a href=\"http:\/\/damas.laiglesiadelacomunidad.com\/wp-content\/uploads\/2014\/04\/20140416-223957.jpg\"><img decoding=\"async\" class=\"alignnone size-full\" src=\"http:\/\/damas.laiglesiadelacomunidad.com\/wp-content\/uploads\/2014\/04\/20140416-223957.jpg\" alt=\"20140416-223957.jpg\" \/><\/a><\/p>\n<p><a href=\"http:\/\/damas.laiglesiadelacomunidad.com\/wp-content\/uploads\/2014\/04\/20140416-224112.jpg\"><img decoding=\"async\" class=\"alignnone size-full\" src=\"http:\/\/damas.laiglesiadelacomunidad.com\/wp-content\/uploads\/2014\/04\/20140416-224112.jpg\" alt=\"20140416-224112.jpg\" \/><\/a><\/p>\n","protected":false},"excerpt":{"rendered":"<p>Estudio 16 de Abril 2014 Gracias Se\u00f1or por tan buen estudio, gracias tambi\u00e9n por darnos unidad en lo que creemos, Se\u00f1or te pido que no nos desviemos ni a la derecha, ni a la izquierda con respecto a como alcanzar la salvaci\u00f3n, te pedimos que nos ayudes a rechazar doctrinas falsas que no se apeguen &hellip; <a href=\"http:\/\/damas.laiglesiadelacomunidad.com\/?p=3553\" class=\"more-link\">Continue reading <span class=\"screen-reader-text\">Estudio 16 de Abril 2014<\/span> <span class=\"meta-nav\">&rarr;<\/span><\/a><\/p>\n","protected":false},"author":2,"featured_media":0,"comment_status":"open","ping_status":"open","sticky":false,"template":"","format":"quote","meta":{"footnotes":""},"categories":[6],"tags":[],"_links":{"self":[{"href":"http:\/\/damas.laiglesiadelacomunidad.com\/index.php?rest_route=\/wp\/v2\/posts\/3553"}],"collection":[{"href":"http:\/\/damas.laiglesiadelacomunidad.com\/index.php?rest_route=\/wp\/v2\/posts"}],"about":[{"href":"http:\/\/damas.laiglesiadelacomunidad.com\/index.php?rest_route=\/wp\/v2\/types\/post"}],"author":[{"embeddable":true,"href":"http:\/\/damas.laiglesiadelacomunidad.com\/index.php?rest_route=\/wp\/v2\/users\/2"}],"replies":[{"embeddable":true,"href":"http:\/\/damas.laiglesiadelacomunidad.com\/index.php?rest_route=%2Fwp%2Fv2%2Fcomments&post=3553"}],"version-history":[{"count":8,"href":"http:\/\/damas.laiglesiadelacomunidad.com\/index.php?rest_route=\/wp\/v2\/posts\/3553\/revisions"}],"predecessor-version":[{"id":3573,"href":"http:\/\/damas.laiglesiadelacomunidad.com\/index.php?rest_route=\/wp\/v2\/posts\/3553\/revisions\/3573"}],"wp:attachment":[{"href":"http:\/\/damas.laiglesiadelacomunidad.com\/index.php?rest_route=%2Fwp%2Fv2%2Fmedia&parent=3553"}],"wp:term":[{"taxonomy":"category","embeddable":true,"href":"http:\/\/damas.laiglesiadelacomunidad.com\/index.php?rest_route=%2Fwp%2Fv2%2Fcategories&post=3553"},{"taxonomy":"post_tag","embeddable":true,"href":"http:\/\/damas.laiglesiadelacomunidad.com\/index.php?rest_route=%2Fwp%2Fv2%2Ftags&post=3553"}],"curies":[{"name":"wp","href":"https:\/\/api.w.org\/{rel}","templated":true}]}}