{"id":3541,"date":"2014-04-15T19:54:36","date_gmt":"2014-04-16T00:54:36","guid":{"rendered":"http:\/\/damas.laiglesiadelacomunidad.com\/?p=3541"},"modified":"2014-04-15T19:58:20","modified_gmt":"2014-04-16T00:58:20","slug":"miercoles-de-oracion-y-ayuno","status":"publish","type":"post","link":"http:\/\/damas.laiglesiadelacomunidad.com\/?p=3541","title":{"rendered":"Mi\u00e9rcoles de oraci\u00f3n y ayuno"},"content":{"rendered":"<p>*Demos gracias y sigamos orando por \u00e9ste mu\u00f1equito.<br \/>\n*Por la salud de Do\u00f1a Elsa.<br \/>\n*Por nuestra salud espiritual.<br \/>\n*Por las actividades que tenemos planeadas.<br \/>\n* Que Dios siga bendiciendo ricamente la iglesia y nos proteja del mal, am\u00e9n.<\/p>\n<p><a href=\"http:\/\/damas.laiglesiadelacomunidad.com\/wp-content\/uploads\/2014\/04\/20140415-195414.jpg\"><img decoding=\"async\" class=\"alignnone size-full\" alt=\"20140415-195414.jpg\" src=\"http:\/\/damas.laiglesiadelacomunidad.com\/wp-content\/uploads\/2014\/04\/20140415-195414.jpg\" \/><\/a><\/p>\n","protected":false},"excerpt":{"rendered":"<p>*Demos gracias y sigamos orando por \u00e9ste mu\u00f1equito. *Por la salud de Do\u00f1a Elsa. *Por nuestra salud espiritual. *Por las actividades que tenemos planeadas. * Que Dios siga bendiciendo ricamente la iglesia y nos proteja del mal, am\u00e9n.<\/p>\n","protected":false},"author":2,"featured_media":0,"comment_status":"open","ping_status":"open","sticky":false,"template":"","format":"chat","meta":{"footnotes":""},"categories":[20],"tags":[],"_links":{"self":[{"href":"http:\/\/damas.laiglesiadelacomunidad.com\/index.php?rest_route=\/wp\/v2\/posts\/3541"}],"collection":[{"href":"http:\/\/damas.laiglesiadelacomunidad.com\/index.php?rest_route=\/wp\/v2\/posts"}],"about":[{"href":"http:\/\/damas.laiglesiadelacomunidad.com\/index.php?rest_route=\/wp\/v2\/types\/post"}],"author":[{"embeddable":true,"href":"http:\/\/damas.laiglesiadelacomunidad.com\/index.php?rest_route=\/wp\/v2\/users\/2"}],"replies":[{"embeddable":true,"href":"http:\/\/damas.laiglesiadelacomunidad.com\/index.php?rest_route=%2Fwp%2Fv2%2Fcomments&post=3541"}],"version-history":[{"count":2,"href":"http:\/\/damas.laiglesiadelacomunidad.com\/index.php?rest_route=\/wp\/v2\/posts\/3541\/revisions"}],"predecessor-version":[{"id":3544,"href":"http:\/\/damas.laiglesiadelacomunidad.com\/index.php?rest_route=\/wp\/v2\/posts\/3541\/revisions\/3544"}],"wp:attachment":[{"href":"http:\/\/damas.laiglesiadelacomunidad.com\/index.php?rest_route=%2Fwp%2Fv2%2Fmedia&parent=3541"}],"wp:term":[{"taxonomy":"category","embeddable":true,"href":"http:\/\/damas.laiglesiadelacomunidad.com\/index.php?rest_route=%2Fwp%2Fv2%2Fcategories&post=3541"},{"taxonomy":"post_tag","embeddable":true,"href":"http:\/\/damas.laiglesiadelacomunidad.com\/index.php?rest_route=%2Fwp%2Fv2%2Ftags&post=3541"}],"curies":[{"name":"wp","href":"https:\/\/api.w.org\/{rel}","templated":true}]}}