{"id":3536,"date":"2014-04-16T11:47:09","date_gmt":"2014-04-16T16:47:09","guid":{"rendered":"http:\/\/damas.laiglesiadelacomunidad.com\/?p=3536"},"modified":"2014-04-15T11:49:26","modified_gmt":"2014-04-15T16:49:26","slug":"versiculo-para-meditar-74","status":"publish","type":"post","link":"http:\/\/damas.laiglesiadelacomunidad.com\/?p=3536","title":{"rendered":"Vers\u00edculo para Meditar"},"content":{"rendered":"<p><span style=\"color: #ffffff;\">Dichoso el hombre que conf\u00eda en el Se\u00f1or<\/span><\/p>\n<p><span style=\"color: #ffffff;\">y no en gente soberbia y mentirosa.<\/span><\/p>\n<p><span style=\"color: #ffffff;\">T\u00fa, Se\u00f1or mi Dios, has pensado en nosotros,<\/span><\/p>\n<p><span style=\"color: #ffffff;\">y has realizado grandes maravillas;<\/span><\/p>\n<p><span style=\"color: #ffffff;\">no es posible hablar de todas ellas.<\/span><\/p>\n<p><span style=\"color: #ffffff;\">Quisiera contarlas, hablar de cada una,<\/span><\/p>\n<p><span style=\"color: #ffffff;\">pero su n\u00famero es incontable. Salmos 40:4-5<\/span><\/p>\n","protected":false},"excerpt":{"rendered":"<p>Dichoso el hombre que conf\u00eda en el Se\u00f1or y no en gente soberbia y mentirosa. T\u00fa, Se\u00f1or mi Dios, has pensado en nosotros, y has realizado grandes maravillas; no es posible hablar de todas ellas. Quisiera contarlas, hablar de cada una, pero su n\u00famero es incontable. Salmos 40:4-5<\/p>\n","protected":false},"author":2,"featured_media":0,"comment_status":"open","ping_status":"open","sticky":false,"template":"","format":"gallery","meta":{"footnotes":""},"categories":[5],"tags":[],"_links":{"self":[{"href":"http:\/\/damas.laiglesiadelacomunidad.com\/index.php?rest_route=\/wp\/v2\/posts\/3536"}],"collection":[{"href":"http:\/\/damas.laiglesiadelacomunidad.com\/index.php?rest_route=\/wp\/v2\/posts"}],"about":[{"href":"http:\/\/damas.laiglesiadelacomunidad.com\/index.php?rest_route=\/wp\/v2\/types\/post"}],"author":[{"embeddable":true,"href":"http:\/\/damas.laiglesiadelacomunidad.com\/index.php?rest_route=\/wp\/v2\/users\/2"}],"replies":[{"embeddable":true,"href":"http:\/\/damas.laiglesiadelacomunidad.com\/index.php?rest_route=%2Fwp%2Fv2%2Fcomments&post=3536"}],"version-history":[{"count":1,"href":"http:\/\/damas.laiglesiadelacomunidad.com\/index.php?rest_route=\/wp\/v2\/posts\/3536\/revisions"}],"predecessor-version":[{"id":3537,"href":"http:\/\/damas.laiglesiadelacomunidad.com\/index.php?rest_route=\/wp\/v2\/posts\/3536\/revisions\/3537"}],"wp:attachment":[{"href":"http:\/\/damas.laiglesiadelacomunidad.com\/index.php?rest_route=%2Fwp%2Fv2%2Fmedia&parent=3536"}],"wp:term":[{"taxonomy":"category","embeddable":true,"href":"http:\/\/damas.laiglesiadelacomunidad.com\/index.php?rest_route=%2Fwp%2Fv2%2Fcategories&post=3536"},{"taxonomy":"post_tag","embeddable":true,"href":"http:\/\/damas.laiglesiadelacomunidad.com\/index.php?rest_route=%2Fwp%2Fv2%2Ftags&post=3536"}],"curies":[{"name":"wp","href":"https:\/\/api.w.org\/{rel}","templated":true}]}}