{"id":3532,"date":"2014-04-15T11:02:28","date_gmt":"2014-04-15T16:02:28","guid":{"rendered":"http:\/\/damas.laiglesiadelacomunidad.com\/?p=3532"},"modified":"2014-04-15T19:56:53","modified_gmt":"2014-04-16T00:56:53","slug":"versiculos-para-meditar-14","status":"publish","type":"post","link":"http:\/\/damas.laiglesiadelacomunidad.com\/?p=3532","title":{"rendered":"Vers\u00edculos para Meditar"},"content":{"rendered":"<p>Bendito seas, Se\u00f1or, pues escuchas la voz de mis ruegos. T\u00fa, Se\u00f1or, eres mi escudo y mi fuerza; en ti conf\u00eda mi coraz\u00f3n, pues recibo tu ayuda. Por eso mi coraz\u00f3n se alegra y te alaba con sus c\u00e1nticos. T\u00fa, Se\u00f1or, infundes fuerzas a tu pueblo; tu ungido halla en ti un refugio salvador. \u00a1Salva a tu pueblo, bendice a tu herencia! \u00a1Gu\u00edalos y cuida de ellos ahora y siempre! (Salmos 28:6-9 RVC)<\/p>\n","protected":false},"excerpt":{"rendered":"<p>Bendito seas, Se\u00f1or, pues escuchas la voz de mis ruegos. T\u00fa, Se\u00f1or, eres mi escudo y mi fuerza; en ti conf\u00eda mi coraz\u00f3n, pues recibo tu ayuda. Por eso mi coraz\u00f3n se alegra y te alaba con sus c\u00e1nticos. T\u00fa, Se\u00f1or, infundes fuerzas a tu pueblo; tu ungido halla en ti un refugio salvador. \u00a1Salva &hellip; <a href=\"http:\/\/damas.laiglesiadelacomunidad.com\/?p=3532\" class=\"more-link\">Continue reading <span class=\"screen-reader-text\">Vers\u00edculos para Meditar<\/span> <span class=\"meta-nav\">&rarr;<\/span><\/a><\/p>\n","protected":false},"author":2,"featured_media":0,"comment_status":"open","ping_status":"open","sticky":false,"template":"","format":"quote","meta":{"footnotes":""},"categories":[5],"tags":[],"_links":{"self":[{"href":"http:\/\/damas.laiglesiadelacomunidad.com\/index.php?rest_route=\/wp\/v2\/posts\/3532"}],"collection":[{"href":"http:\/\/damas.laiglesiadelacomunidad.com\/index.php?rest_route=\/wp\/v2\/posts"}],"about":[{"href":"http:\/\/damas.laiglesiadelacomunidad.com\/index.php?rest_route=\/wp\/v2\/types\/post"}],"author":[{"embeddable":true,"href":"http:\/\/damas.laiglesiadelacomunidad.com\/index.php?rest_route=\/wp\/v2\/users\/2"}],"replies":[{"embeddable":true,"href":"http:\/\/damas.laiglesiadelacomunidad.com\/index.php?rest_route=%2Fwp%2Fv2%2Fcomments&post=3532"}],"version-history":[{"count":1,"href":"http:\/\/damas.laiglesiadelacomunidad.com\/index.php?rest_route=\/wp\/v2\/posts\/3532\/revisions"}],"predecessor-version":[{"id":3533,"href":"http:\/\/damas.laiglesiadelacomunidad.com\/index.php?rest_route=\/wp\/v2\/posts\/3532\/revisions\/3533"}],"wp:attachment":[{"href":"http:\/\/damas.laiglesiadelacomunidad.com\/index.php?rest_route=%2Fwp%2Fv2%2Fmedia&parent=3532"}],"wp:term":[{"taxonomy":"category","embeddable":true,"href":"http:\/\/damas.laiglesiadelacomunidad.com\/index.php?rest_route=%2Fwp%2Fv2%2Fcategories&post=3532"},{"taxonomy":"post_tag","embeddable":true,"href":"http:\/\/damas.laiglesiadelacomunidad.com\/index.php?rest_route=%2Fwp%2Fv2%2Ftags&post=3532"}],"curies":[{"name":"wp","href":"https:\/\/api.w.org\/{rel}","templated":true}]}}