{"id":3531,"date":"2014-04-22T11:45:56","date_gmt":"2014-04-22T16:45:56","guid":{"rendered":"http:\/\/damas.laiglesiadelacomunidad.com\/?p=3531"},"modified":"2014-04-22T17:06:15","modified_gmt":"2014-04-22T22:06:15","slug":"noche-de-pelicula-3","status":"publish","type":"post","link":"http:\/\/damas.laiglesiadelacomunidad.com\/?p=3531","title":{"rendered":"Noche de pel\u00edcula"},"content":{"rendered":"<p>Para tooooda la familia, tendremos comida y palomitas, s\u00f3lo tienen que traer sus sillas o s\u00e1banas si se quieren acostar en la grama<\/p>\n<p><a href=\"http:\/\/damas.laiglesiadelacomunidad.com\/wp-content\/uploads\/2014\/04\/20140415-164926.jpg\"><img decoding=\"async\" class=\"alignnone size-full\" src=\"http:\/\/damas.laiglesiadelacomunidad.com\/wp-content\/uploads\/2014\/04\/20140415-164926.jpg\" alt=\"20140415-164926.jpg\" \/><\/a><\/p>\n","protected":false},"excerpt":{"rendered":"<p>Para tooooda la familia, tendremos comida y palomitas, s\u00f3lo tienen que traer sus sillas o s\u00e1banas si se quieren acostar en la grama<\/p>\n","protected":false},"author":2,"featured_media":0,"comment_status":"open","ping_status":"open","sticky":false,"template":"","format":"standard","meta":{"footnotes":""},"categories":[19],"tags":[],"_links":{"self":[{"href":"http:\/\/damas.laiglesiadelacomunidad.com\/index.php?rest_route=\/wp\/v2\/posts\/3531"}],"collection":[{"href":"http:\/\/damas.laiglesiadelacomunidad.com\/index.php?rest_route=\/wp\/v2\/posts"}],"about":[{"href":"http:\/\/damas.laiglesiadelacomunidad.com\/index.php?rest_route=\/wp\/v2\/types\/post"}],"author":[{"embeddable":true,"href":"http:\/\/damas.laiglesiadelacomunidad.com\/index.php?rest_route=\/wp\/v2\/users\/2"}],"replies":[{"embeddable":true,"href":"http:\/\/damas.laiglesiadelacomunidad.com\/index.php?rest_route=%2Fwp%2Fv2%2Fcomments&post=3531"}],"version-history":[{"count":4,"href":"http:\/\/damas.laiglesiadelacomunidad.com\/index.php?rest_route=\/wp\/v2\/posts\/3531\/revisions"}],"predecessor-version":[{"id":3660,"href":"http:\/\/damas.laiglesiadelacomunidad.com\/index.php?rest_route=\/wp\/v2\/posts\/3531\/revisions\/3660"}],"wp:attachment":[{"href":"http:\/\/damas.laiglesiadelacomunidad.com\/index.php?rest_route=%2Fwp%2Fv2%2Fmedia&parent=3531"}],"wp:term":[{"taxonomy":"category","embeddable":true,"href":"http:\/\/damas.laiglesiadelacomunidad.com\/index.php?rest_route=%2Fwp%2Fv2%2Fcategories&post=3531"},{"taxonomy":"post_tag","embeddable":true,"href":"http:\/\/damas.laiglesiadelacomunidad.com\/index.php?rest_route=%2Fwp%2Fv2%2Ftags&post=3531"}],"curies":[{"name":"wp","href":"https:\/\/api.w.org\/{rel}","templated":true}]}}