{"id":3525,"date":"2014-04-14T19:02:20","date_gmt":"2014-04-15T00:02:20","guid":{"rendered":"http:\/\/damas.laiglesiadelacomunidad.com\/?p=3525"},"modified":"2014-04-15T09:10:48","modified_gmt":"2014-04-15T14:10:48","slug":"versiculo-para-meditar-73","status":"publish","type":"post","link":"http:\/\/damas.laiglesiadelacomunidad.com\/?p=3525","title":{"rendered":"Vers\u00edculo para Meditar"},"content":{"rendered":"<p>Ustedes, los hombres justos, \u00a1al\u00e9grense y regoc\u00edjense en el Se\u00f1or! Y ustedes, los de recto coraz\u00f3n, \u00a1canten todos llenos de alegr\u00eda! (Salmos 32:11 RVC)<\/p>\n","protected":false},"excerpt":{"rendered":"<p>Ustedes, los hombres justos, \u00a1al\u00e9grense y regoc\u00edjense en el Se\u00f1or! Y ustedes, los de recto coraz\u00f3n, \u00a1canten todos llenos de alegr\u00eda! (Salmos 32:11 RVC)<\/p>\n","protected":false},"author":2,"featured_media":0,"comment_status":"open","ping_status":"open","sticky":false,"template":"","format":"standard","meta":{"footnotes":""},"categories":[5],"tags":[],"_links":{"self":[{"href":"http:\/\/damas.laiglesiadelacomunidad.com\/index.php?rest_route=\/wp\/v2\/posts\/3525"}],"collection":[{"href":"http:\/\/damas.laiglesiadelacomunidad.com\/index.php?rest_route=\/wp\/v2\/posts"}],"about":[{"href":"http:\/\/damas.laiglesiadelacomunidad.com\/index.php?rest_route=\/wp\/v2\/types\/post"}],"author":[{"embeddable":true,"href":"http:\/\/damas.laiglesiadelacomunidad.com\/index.php?rest_route=\/wp\/v2\/users\/2"}],"replies":[{"embeddable":true,"href":"http:\/\/damas.laiglesiadelacomunidad.com\/index.php?rest_route=%2Fwp%2Fv2%2Fcomments&post=3525"}],"version-history":[{"count":1,"href":"http:\/\/damas.laiglesiadelacomunidad.com\/index.php?rest_route=\/wp\/v2\/posts\/3525\/revisions"}],"predecessor-version":[{"id":3526,"href":"http:\/\/damas.laiglesiadelacomunidad.com\/index.php?rest_route=\/wp\/v2\/posts\/3525\/revisions\/3526"}],"wp:attachment":[{"href":"http:\/\/damas.laiglesiadelacomunidad.com\/index.php?rest_route=%2Fwp%2Fv2%2Fmedia&parent=3525"}],"wp:term":[{"taxonomy":"category","embeddable":true,"href":"http:\/\/damas.laiglesiadelacomunidad.com\/index.php?rest_route=%2Fwp%2Fv2%2Fcategories&post=3525"},{"taxonomy":"post_tag","embeddable":true,"href":"http:\/\/damas.laiglesiadelacomunidad.com\/index.php?rest_route=%2Fwp%2Fv2%2Ftags&post=3525"}],"curies":[{"name":"wp","href":"https:\/\/api.w.org\/{rel}","templated":true}]}}