{"id":3519,"date":"2014-04-13T23:42:12","date_gmt":"2014-04-14T04:42:12","guid":{"rendered":"http:\/\/damas.laiglesiadelacomunidad.com\/?p=3519"},"modified":"2014-04-13T23:49:59","modified_gmt":"2014-04-14T04:49:59","slug":"reunion-13-de-abril-2014","status":"publish","type":"post","link":"http:\/\/damas.laiglesiadelacomunidad.com\/?p=3519","title":{"rendered":"Reuni\u00f3n 13 de Abril 2014"},"content":{"rendered":"<p>Gracias a Dios por la noche de hoy, gracias por la lluvia y la nieve, gracias por toda su colaboraci\u00f3n.<\/p>\n<p>Hoy seguimos estudiando el libro de G\u00e1latas, el tema es <strong>&#8220;Ser Bueno&#8221;\u00a0<\/strong>Y la idea grande de hoy fue: <strong>&#8220;Solo por Cristo podemos ser perdectos&#8221;\u00a0<\/strong>Si vemos nuestra vida, podemos ver que tenemos muchas cosas buenas que nos lleva al orgullo o muchas cosas malas que nos llevan a la depresi\u00f3n o al mismo orgullo, pero por definici\u00f3n sabemos que todos \u00a0por muy bueno que seamos somos malos y que nuestras obras no nos justifican para nada. El \u00fanico que nos puede justificar completamente es Jes\u00fas por el gran sacrificio que \u00e9l hizo en la cruz. As\u00ed que nuestro orgullo, ni el criticar a otros, ni justificarnos a nosotros mismos nos va a hacer mejores, s\u00f3lo la sangre de Cristo nos hace perfectos y para eso tenemos que hacer lo que \u00e9l nos pide, y \u00e9l no nos pide levantar una mano y decir que somos salvos (esas son obras) lo que \u00e9l nos pide, es que de coraz\u00f3n nos entreguemos a \u00e9l de la forma que \u00e9l nos pide que es por arrepentirnos y bautizarnos (Mateo 28:18-20)(Hechos 2:38) Y para las que ya hemos tomado esa decisi\u00f3n nos pide que dependamos completamente de \u00e9l para nuestra perfecci\u00f3n.<\/p>\n<p><strong>Nosotros somos jud\u00edos de nacimiento, y no pecadores salidos de los no jud\u00edos. \u00a0Sabemos que el hombre no es justificado por las obras de la ley no por la fe de Jesucristo, \u00a0y tambi\u00e9n hemos cre\u00eddo en Jesucristo, para ser justificados por la fe de Cristo y no por las obras de la ley, ya que por las obras de la ley nadie ser\u00e1 justificado. Y si al buscar ser justificados en Cristo, tambi\u00e9n nosotros somos hallados pecadores, \u00bfser\u00e1 por eso Cristo ministro de pecado? \u00a1De ninguna manera! Porque si las mismas cosas que destru\u00ed, las vuelvo a edificar, me hago transgresor. \u00a0Porque yo, por la ley, soy muerto para la ley, a fin de vivir para Dios. \u00a0Pero con Cristo estoy juntamente crucificado, y ya no vivo yo, sino que Cristo vive en m\u00ed; y lo que ahora vivo en la carne, lo vivo en la fe del Hijo de Dios, el cual me am\u00f3 y se entreg\u00f3 a s\u00ed mismo por m\u00ed. \u00a0No desecho la gracia de Dios; pues si la justicia dependiera de la ley, entonces por dem\u00e1s habr\u00eda muerto Cristo.<\/strong> G\u00e1latas 2:15-21<\/p>\n<p>Se\u00f1or permitenos aceptar y reconocer a Jesucristo como nuestros Se\u00f1or y obedecerle s\u00f3lo a \u00e9l.<\/p>\n<p>Por favor sigan orando por Raulito, que pasen una linda semana.<\/p>\n<p>Jackie C.<\/p>\n","protected":false},"excerpt":{"rendered":"<p>Gracias a Dios por la noche de hoy, gracias por la lluvia y la nieve, gracias por toda su colaboraci\u00f3n. Hoy seguimos estudiando el libro de G\u00e1latas, el tema es &#8220;Ser Bueno&#8221;\u00a0Y la idea grande de hoy fue: &#8220;Solo por Cristo podemos ser perdectos&#8221;\u00a0Si vemos nuestra vida, podemos ver que tenemos muchas cosas buenas que &hellip; <a href=\"http:\/\/damas.laiglesiadelacomunidad.com\/?p=3519\" class=\"more-link\">Continue reading <span class=\"screen-reader-text\">Reuni\u00f3n 13 de Abril 2014<\/span> <span class=\"meta-nav\">&rarr;<\/span><\/a><\/p>\n","protected":false},"author":2,"featured_media":0,"comment_status":"open","ping_status":"open","sticky":false,"template":"","format":"gallery","meta":{"footnotes":""},"categories":[7],"tags":[],"_links":{"self":[{"href":"http:\/\/damas.laiglesiadelacomunidad.com\/index.php?rest_route=\/wp\/v2\/posts\/3519"}],"collection":[{"href":"http:\/\/damas.laiglesiadelacomunidad.com\/index.php?rest_route=\/wp\/v2\/posts"}],"about":[{"href":"http:\/\/damas.laiglesiadelacomunidad.com\/index.php?rest_route=\/wp\/v2\/types\/post"}],"author":[{"embeddable":true,"href":"http:\/\/damas.laiglesiadelacomunidad.com\/index.php?rest_route=\/wp\/v2\/users\/2"}],"replies":[{"embeddable":true,"href":"http:\/\/damas.laiglesiadelacomunidad.com\/index.php?rest_route=%2Fwp%2Fv2%2Fcomments&post=3519"}],"version-history":[{"count":1,"href":"http:\/\/damas.laiglesiadelacomunidad.com\/index.php?rest_route=\/wp\/v2\/posts\/3519\/revisions"}],"predecessor-version":[{"id":3520,"href":"http:\/\/damas.laiglesiadelacomunidad.com\/index.php?rest_route=\/wp\/v2\/posts\/3519\/revisions\/3520"}],"wp:attachment":[{"href":"http:\/\/damas.laiglesiadelacomunidad.com\/index.php?rest_route=%2Fwp%2Fv2%2Fmedia&parent=3519"}],"wp:term":[{"taxonomy":"category","embeddable":true,"href":"http:\/\/damas.laiglesiadelacomunidad.com\/index.php?rest_route=%2Fwp%2Fv2%2Fcategories&post=3519"},{"taxonomy":"post_tag","embeddable":true,"href":"http:\/\/damas.laiglesiadelacomunidad.com\/index.php?rest_route=%2Fwp%2Fv2%2Ftags&post=3519"}],"curies":[{"name":"wp","href":"https:\/\/api.w.org\/{rel}","templated":true}]}}