{"id":3510,"date":"2014-04-11T14:22:44","date_gmt":"2014-04-11T19:22:44","guid":{"rendered":"http:\/\/damas.laiglesiadelacomunidad.com\/?p=3510"},"modified":"2014-04-11T14:22:44","modified_gmt":"2014-04-11T19:22:44","slug":"estudio-viernes","status":"publish","type":"post","link":"http:\/\/damas.laiglesiadelacomunidad.com\/?p=3510","title":{"rendered":"Estudio viernes"},"content":{"rendered":"<p>Gracias a todas por venir, gracias a Dios por tan lindo d\u00eda<\/p>\n<p><a href=\"http:\/\/damas.laiglesiadelacomunidad.com\/wp-content\/uploads\/2014\/04\/20140411-141820.jpg\"><img decoding=\"async\" src=\"http:\/\/damas.laiglesiadelacomunidad.com\/wp-content\/uploads\/2014\/04\/20140411-141820.jpg\" alt=\"20140411-141820.jpg\" class=\"alignnone size-full\" \/><\/a><\/p>\n<p><a href=\"http:\/\/damas.laiglesiadelacomunidad.com\/wp-content\/uploads\/2014\/04\/20140411-141833.jpg\"><img decoding=\"async\" src=\"http:\/\/damas.laiglesiadelacomunidad.com\/wp-content\/uploads\/2014\/04\/20140411-141833.jpg\" alt=\"20140411-141833.jpg\" class=\"alignnone size-full\" \/><\/a><\/p>\n<p><a href=\"http:\/\/damas.laiglesiadelacomunidad.com\/wp-content\/uploads\/2014\/04\/20140411-141842.jpg\"><img decoding=\"async\" src=\"http:\/\/damas.laiglesiadelacomunidad.com\/wp-content\/uploads\/2014\/04\/20140411-141842.jpg\" alt=\"20140411-141842.jpg\" class=\"alignnone size-full\" \/><\/a><\/p>\n<p><a href=\"http:\/\/damas.laiglesiadelacomunidad.com\/wp-content\/uploads\/2014\/04\/20140411-141858.jpg\"><img decoding=\"async\" src=\"http:\/\/damas.laiglesiadelacomunidad.com\/wp-content\/uploads\/2014\/04\/20140411-141858.jpg\" alt=\"20140411-141858.jpg\" class=\"alignnone size-full\" \/><\/a><\/p>\n<p><a href=\"http:\/\/damas.laiglesiadelacomunidad.com\/wp-content\/uploads\/2014\/04\/20140411-141914.jpg\"><img decoding=\"async\" src=\"http:\/\/damas.laiglesiadelacomunidad.com\/wp-content\/uploads\/2014\/04\/20140411-141914.jpg\" alt=\"20140411-141914.jpg\" class=\"alignnone size-full\" \/><\/a><br \/>\nY cuando Mois\u00e9s termin\u00f3 de recitar todas estas palabras ante todo Israel, les dijo: \u00abEntr\u00e9guense de coraz\u00f3n a cumplir todas las palabras de esta ley que hoy les he expuesto, y vean que sus hijos las cumplan, y oc\u00fapense de cumplirlas. No se trata de palabras sin sentido, sino que se trata de su propia vida. Por medio de esta ley ustedes prolongar\u00e1n su vida sobre la tierra al otro lado del Jord\u00e1n, adonde ahora se dirigen para tomar posesi\u00f3n de ella.\u00bb (Deuteronomio 32:45-47 RVC)<\/p>\n","protected":false},"excerpt":{"rendered":"<p>Gracias a todas por venir, gracias a Dios por tan lindo d\u00eda Y cuando Mois\u00e9s termin\u00f3 de recitar todas estas palabras ante todo Israel, les dijo: \u00abEntr\u00e9guense de coraz\u00f3n a cumplir todas las palabras de esta ley que hoy les he expuesto, y vean que sus hijos las cumplan, y oc\u00fapense de cumplirlas. No se &hellip; <a href=\"http:\/\/damas.laiglesiadelacomunidad.com\/?p=3510\" class=\"more-link\">Continue reading <span class=\"screen-reader-text\">Estudio viernes<\/span> <span class=\"meta-nav\">&rarr;<\/span><\/a><\/p>\n","protected":false},"author":2,"featured_media":0,"comment_status":"open","ping_status":"open","sticky":false,"template":"","format":"standard","meta":{"footnotes":""},"categories":[1],"tags":[],"_links":{"self":[{"href":"http:\/\/damas.laiglesiadelacomunidad.com\/index.php?rest_route=\/wp\/v2\/posts\/3510"}],"collection":[{"href":"http:\/\/damas.laiglesiadelacomunidad.com\/index.php?rest_route=\/wp\/v2\/posts"}],"about":[{"href":"http:\/\/damas.laiglesiadelacomunidad.com\/index.php?rest_route=\/wp\/v2\/types\/post"}],"author":[{"embeddable":true,"href":"http:\/\/damas.laiglesiadelacomunidad.com\/index.php?rest_route=\/wp\/v2\/users\/2"}],"replies":[{"embeddable":true,"href":"http:\/\/damas.laiglesiadelacomunidad.com\/index.php?rest_route=%2Fwp%2Fv2%2Fcomments&post=3510"}],"version-history":[{"count":1,"href":"http:\/\/damas.laiglesiadelacomunidad.com\/index.php?rest_route=\/wp\/v2\/posts\/3510\/revisions"}],"predecessor-version":[{"id":3511,"href":"http:\/\/damas.laiglesiadelacomunidad.com\/index.php?rest_route=\/wp\/v2\/posts\/3510\/revisions\/3511"}],"wp:attachment":[{"href":"http:\/\/damas.laiglesiadelacomunidad.com\/index.php?rest_route=%2Fwp%2Fv2%2Fmedia&parent=3510"}],"wp:term":[{"taxonomy":"category","embeddable":true,"href":"http:\/\/damas.laiglesiadelacomunidad.com\/index.php?rest_route=%2Fwp%2Fv2%2Fcategories&post=3510"},{"taxonomy":"post_tag","embeddable":true,"href":"http:\/\/damas.laiglesiadelacomunidad.com\/index.php?rest_route=%2Fwp%2Fv2%2Ftags&post=3510"}],"curies":[{"name":"wp","href":"https:\/\/api.w.org\/{rel}","templated":true}]}}