{"id":3473,"date":"2014-04-09T11:10:30","date_gmt":"2014-04-09T16:10:30","guid":{"rendered":"http:\/\/damas.laiglesiadelacomunidad.com\/?p=3473"},"modified":"2014-04-09T11:10:30","modified_gmt":"2014-04-09T16:10:30","slug":"versiculo-para-meditar-72","status":"publish","type":"post","link":"http:\/\/damas.laiglesiadelacomunidad.com\/?p=3473","title":{"rendered":"Vers\u00edculo para Meditar"},"content":{"rendered":"<p>Por dondequiera que he andado con todo Israel, jam\u00e1s dije nada a ninguno de los jueces de Israel, a los que orden\u00e9 apacentar a mi pueblo; jam\u00e1s le ped\u00ed que me edificaran un palacio de cedro.\u201d 1 Cr\u00f3nicas 17:6<\/p>\n","protected":false},"excerpt":{"rendered":"<p>Por dondequiera que he andado con todo Israel, jam\u00e1s dije nada a ninguno de los jueces de Israel, a los que orden\u00e9 apacentar a mi pueblo; jam\u00e1s le ped\u00ed que me edificaran un palacio de cedro.\u201d 1 Cr\u00f3nicas 17:6<\/p>\n","protected":false},"author":2,"featured_media":0,"comment_status":"open","ping_status":"open","sticky":false,"template":"","format":"chat","meta":{"footnotes":""},"categories":[1],"tags":[],"_links":{"self":[{"href":"http:\/\/damas.laiglesiadelacomunidad.com\/index.php?rest_route=\/wp\/v2\/posts\/3473"}],"collection":[{"href":"http:\/\/damas.laiglesiadelacomunidad.com\/index.php?rest_route=\/wp\/v2\/posts"}],"about":[{"href":"http:\/\/damas.laiglesiadelacomunidad.com\/index.php?rest_route=\/wp\/v2\/types\/post"}],"author":[{"embeddable":true,"href":"http:\/\/damas.laiglesiadelacomunidad.com\/index.php?rest_route=\/wp\/v2\/users\/2"}],"replies":[{"embeddable":true,"href":"http:\/\/damas.laiglesiadelacomunidad.com\/index.php?rest_route=%2Fwp%2Fv2%2Fcomments&post=3473"}],"version-history":[{"count":1,"href":"http:\/\/damas.laiglesiadelacomunidad.com\/index.php?rest_route=\/wp\/v2\/posts\/3473\/revisions"}],"predecessor-version":[{"id":3474,"href":"http:\/\/damas.laiglesiadelacomunidad.com\/index.php?rest_route=\/wp\/v2\/posts\/3473\/revisions\/3474"}],"wp:attachment":[{"href":"http:\/\/damas.laiglesiadelacomunidad.com\/index.php?rest_route=%2Fwp%2Fv2%2Fmedia&parent=3473"}],"wp:term":[{"taxonomy":"category","embeddable":true,"href":"http:\/\/damas.laiglesiadelacomunidad.com\/index.php?rest_route=%2Fwp%2Fv2%2Fcategories&post=3473"},{"taxonomy":"post_tag","embeddable":true,"href":"http:\/\/damas.laiglesiadelacomunidad.com\/index.php?rest_route=%2Fwp%2Fv2%2Ftags&post=3473"}],"curies":[{"name":"wp","href":"https:\/\/api.w.org\/{rel}","templated":true}]}}