{"id":3437,"date":"2014-04-06T23:37:01","date_gmt":"2014-04-07T04:37:01","guid":{"rendered":"http:\/\/damas.laiglesiadelacomunidad.com\/?p=3437"},"modified":"2014-04-07T00:17:34","modified_gmt":"2014-04-07T05:17:34","slug":"reunion-6-de-abril-2014","status":"publish","type":"post","link":"http:\/\/damas.laiglesiadelacomunidad.com\/?p=3437","title":{"rendered":"Reuni\u00f3n 6 de Abril 2014"},"content":{"rendered":"<p>Gracias a Dios por la noche de hoy, gracias a todos por colaborar hoy, que lindo ver la comunidad trabajando para adorar a Dios.<\/p>\n<p>Antes de seguir quiero pedirles oraci\u00f3n por Raulito, \u00a0\u00e9l sigue en estado cr\u00edtico, oremos que Dios le de fuerzas y le devuelva la salud, y oremos tambi\u00e9n por Michelle V. ella tambi\u00e9n esta en la emergencia, que Dios le de discernimiento a los doctores y que le puedan dar un diagn\u00f3stico. Te queremos mucho Mich que te recuperes pronto.<\/p>\n<p>Seguimos en el libro de G\u00e1latas, hoy Felipe di\u00f3 un exelente mensaje sobre confrontar y aceptar la confrontaci\u00f3n, la idea principal fue : <strong>&#8220;Confrontar y ser confrontado es una gran parte de la vida cristiana&#8221;<\/strong> A veces es bien dificil ir a donde tu hermano y confrontarlo, porque muchas veces no reaccionan de la forma correcta, pero cuando tenemos un coraz\u00f3n blando que quiere servir a Dios la correcci\u00f3n es bienvenida, por otra parte no nos gusta ser confrontados y de nuevo eso depende de nuestro coraz\u00f3n y como est\u00e1 nuestra relaci\u00f3n con Dios, pero independientemente de todo, Dios nos dice que si nuestro hermano esta en pecado lo tenemos que confrontar, de hecho si no la hacemos, nosotros mismo estamos desobedeciendo a nuestro Padre y no solo cargamos con nuestro pecado sino con el de nuestro hermano.<\/p>\n<p><strong>\u00a0Pero cuando Pedro vino a Antioqu\u00eda, me enfrent\u00e9 a \u00e9l cara a cara, porque lo que hac\u00eda era reprochable. Pues antes de que vinieran algunos de parte de Jacobo, com\u00eda con los no jud\u00edos; pero despu\u00e9s que vinieron, se retra\u00eda y se apartaba, porque ten\u00eda miedo de los jud\u00edos. Y en su simulaci\u00f3n participaban tambi\u00e9n los otros jud\u00edos, de modo que hasta Bernab\u00e9 fue arrastrado tambi\u00e9n por la hipocres\u00eda de ellos. Pero cuando vi que no andaban rectamente y conforme a la verdad del evangelio, dije a Pedro delante de todos: \u00abSi t\u00fa, que eres jud\u00edo, no vives como los jud\u00edos sino como los no jud\u00edos, \u00bfpor qu\u00e9 obligas a los no jud\u00edos a hacerse jud\u00edos?\u00bb<\/strong> G\u00e1latas 2:11-14<\/p>\n<p><strong>\u00bbEs a ti, hijo de hombre, a quien yo he puesto como atalaya para el pueblo de Israel. T\u00fa oir\u00e1s de m\u00ed mismo la advertencia, y les advertir\u00e1s para que se prevengan. Cuando yo le diga a alg\u00fan imp\u00edo que est\u00e1 en peligro de muerte, si t\u00fa no le adviertes que se aparte de su mal camino, el imp\u00edo morir\u00e1 por causa de su pecado, pero yo te har\u00e9 responsable de su muerte. Por el contrario, si t\u00fa le adviertes al imp\u00edo que se aparte de su mal camino, y \u00e9ste no te hace caso, morir\u00e1 por causa de su pecado, pero t\u00fa habr\u00e1s puesto a salvo tu vida.<\/strong> Ezequiel 33:7-9<\/p>\n<p><span style=\"color: #800000;\"><strong>\u00bbPor tanto, si tu hermano peca contra ti, ve y repr\u00e9ndelo cuando \u00e9l y t\u00fa est\u00e9n solos. Si te hace caso, habr\u00e1s ganado a tu hermano.<\/strong> Mateo 18:15<\/span><\/p>\n<p><strong>Hermanos, si alguno de ustedes se ha apartado de la verdad, y otro lo hace volver a ella, sepan que el que haga volver al pecador de su mal camino, lo salvar\u00e1 de la muerte y cubrir\u00e1 una gran cantidad de pecados.<\/strong> Santiago 5:19-20<\/p>\n<p><strong>A los que persisten en pecar, repr\u00e9ndelos delante de todos, para que los dem\u00e1s tambi\u00e9n teman.<\/strong> 1 Timoteo 5:20<\/p>\n<p>Se\u00f1or danos el valor, la sabidur\u00eda y el amor de confrontar a nuestro hermano y la humildad y un coraz\u00f3n blando para aceptar la correcci\u00f3n. Am\u00e9n.<\/p>\n<p>Que tengan una linda semana.<\/p>\n<p>Jackie C.<\/p>\n<p><a href=\"http:\/\/damas.laiglesiadelacomunidad.com\/wp-content\/uploads\/2014\/04\/20140406-234048.jpg\"><img decoding=\"async\" class=\"alignnone size-full\" alt=\"20140406-234048.jpg\" src=\"http:\/\/damas.laiglesiadelacomunidad.com\/wp-content\/uploads\/2014\/04\/20140406-234048.jpg\" \/><\/a><\/p>\n<p><a href=\"http:\/\/damas.laiglesiadelacomunidad.com\/wp-content\/uploads\/2014\/04\/20140406-234103.jpg\"><img decoding=\"async\" class=\"alignnone size-full\" alt=\"20140406-234103.jpg\" src=\"http:\/\/damas.laiglesiadelacomunidad.com\/wp-content\/uploads\/2014\/04\/20140406-234103.jpg\" \/><\/a><\/p>\n<p><a href=\"http:\/\/damas.laiglesiadelacomunidad.com\/wp-content\/uploads\/2014\/04\/20140406-234115.jpg\"><img decoding=\"async\" class=\"alignnone size-full\" alt=\"20140406-234115.jpg\" src=\"http:\/\/damas.laiglesiadelacomunidad.com\/wp-content\/uploads\/2014\/04\/20140406-234115.jpg\" \/><\/a><\/p>\n<p><a href=\"http:\/\/damas.laiglesiadelacomunidad.com\/wp-content\/uploads\/2014\/04\/20140406-234123.jpg\"><img decoding=\"async\" class=\"alignnone size-full\" alt=\"20140406-234123.jpg\" src=\"http:\/\/damas.laiglesiadelacomunidad.com\/wp-content\/uploads\/2014\/04\/20140406-234123.jpg\" \/><\/a><\/p>\n<p><a href=\"http:\/\/damas.laiglesiadelacomunidad.com\/wp-content\/uploads\/2014\/04\/20140406-234204.jpg\"><img decoding=\"async\" class=\"alignnone size-full\" alt=\"20140406-234204.jpg\" src=\"http:\/\/damas.laiglesiadelacomunidad.com\/wp-content\/uploads\/2014\/04\/20140406-234204.jpg\" \/><\/a><\/p>\n<p><a href=\"http:\/\/damas.laiglesiadelacomunidad.com\/wp-content\/uploads\/2014\/04\/20140406-234322.jpg\"><img decoding=\"async\" class=\"alignnone size-full\" alt=\"20140406-234322.jpg\" src=\"http:\/\/damas.laiglesiadelacomunidad.com\/wp-content\/uploads\/2014\/04\/20140406-234322.jpg\" \/><\/a><\/p>\n","protected":false},"excerpt":{"rendered":"<p>Gracias a Dios por la noche de hoy, gracias a todos por colaborar hoy, que lindo ver la comunidad trabajando para adorar a Dios. Antes de seguir quiero pedirles oraci\u00f3n por Raulito, \u00a0\u00e9l sigue en estado cr\u00edtico, oremos que Dios le de fuerzas y le devuelva la salud, y oremos tambi\u00e9n por Michelle V. ella &hellip; <a href=\"http:\/\/damas.laiglesiadelacomunidad.com\/?p=3437\" class=\"more-link\">Continue reading <span class=\"screen-reader-text\">Reuni\u00f3n 6 de Abril 2014<\/span> <span class=\"meta-nav\">&rarr;<\/span><\/a><\/p>\n","protected":false},"author":2,"featured_media":0,"comment_status":"open","ping_status":"open","sticky":false,"template":"","format":"chat","meta":{"footnotes":""},"categories":[7],"tags":[],"_links":{"self":[{"href":"http:\/\/damas.laiglesiadelacomunidad.com\/index.php?rest_route=\/wp\/v2\/posts\/3437"}],"collection":[{"href":"http:\/\/damas.laiglesiadelacomunidad.com\/index.php?rest_route=\/wp\/v2\/posts"}],"about":[{"href":"http:\/\/damas.laiglesiadelacomunidad.com\/index.php?rest_route=\/wp\/v2\/types\/post"}],"author":[{"embeddable":true,"href":"http:\/\/damas.laiglesiadelacomunidad.com\/index.php?rest_route=\/wp\/v2\/users\/2"}],"replies":[{"embeddable":true,"href":"http:\/\/damas.laiglesiadelacomunidad.com\/index.php?rest_route=%2Fwp%2Fv2%2Fcomments&post=3437"}],"version-history":[{"count":8,"href":"http:\/\/damas.laiglesiadelacomunidad.com\/index.php?rest_route=\/wp\/v2\/posts\/3437\/revisions"}],"predecessor-version":[{"id":3455,"href":"http:\/\/damas.laiglesiadelacomunidad.com\/index.php?rest_route=\/wp\/v2\/posts\/3437\/revisions\/3455"}],"wp:attachment":[{"href":"http:\/\/damas.laiglesiadelacomunidad.com\/index.php?rest_route=%2Fwp%2Fv2%2Fmedia&parent=3437"}],"wp:term":[{"taxonomy":"category","embeddable":true,"href":"http:\/\/damas.laiglesiadelacomunidad.com\/index.php?rest_route=%2Fwp%2Fv2%2Fcategories&post=3437"},{"taxonomy":"post_tag","embeddable":true,"href":"http:\/\/damas.laiglesiadelacomunidad.com\/index.php?rest_route=%2Fwp%2Fv2%2Ftags&post=3437"}],"curies":[{"name":"wp","href":"https:\/\/api.w.org\/{rel}","templated":true}]}}