{"id":3431,"date":"2014-04-04T22:32:52","date_gmt":"2014-04-05T03:32:52","guid":{"rendered":"http:\/\/damas.laiglesiadelacomunidad.com\/?p=3431"},"modified":"2014-04-04T22:32:52","modified_gmt":"2014-04-05T03:32:52","slug":"versiculos-para-meditar-13","status":"publish","type":"post","link":"http:\/\/damas.laiglesiadelacomunidad.com\/?p=3431","title":{"rendered":"Vers\u00edculos para Meditar"},"content":{"rendered":"<p>T\u00fa, Se\u00f1or, eres mi copa y mi herencia; t\u00fa eres quien me sostiene. Por suerte recib\u00ed una bella herencia; hermosa es la heredad que me asignaste. Por eso te bendigo, Se\u00f1or, pues siempre me aconsejas, y aun de noche me reprendes. Todo el tiempo pienso en ti, Se\u00f1or; contigo a mi derecha, jam\u00e1s caer\u00e9. Gran regocijo hay en mi coraz\u00f3n y en mi alma; todo mi ser siente una gran confianza, porque no me abandonar\u00e1s en el sepulcro, \u00a1no dejar\u00e1s que sufra corrupci\u00f3n quien te es fiel! T\u00fa me ense\u00f1as el camino de la vida; con tu presencia me llenas de alegr\u00eda; \u00a1estando a tu lado ser\u00e9 siempre dichoso! (Salmos 16:5-11 RVC)<\/p>\n","protected":false},"excerpt":{"rendered":"<p>T\u00fa, Se\u00f1or, eres mi copa y mi herencia; t\u00fa eres quien me sostiene. Por suerte recib\u00ed una bella herencia; hermosa es la heredad que me asignaste. Por eso te bendigo, Se\u00f1or, pues siempre me aconsejas, y aun de noche me reprendes. Todo el tiempo pienso en ti, Se\u00f1or; contigo a mi derecha, jam\u00e1s caer\u00e9. Gran &hellip; <a href=\"http:\/\/damas.laiglesiadelacomunidad.com\/?p=3431\" class=\"more-link\">Continue reading <span class=\"screen-reader-text\">Vers\u00edculos para Meditar<\/span> <span class=\"meta-nav\">&rarr;<\/span><\/a><\/p>\n","protected":false},"author":2,"featured_media":0,"comment_status":"open","ping_status":"open","sticky":false,"template":"","format":"link","meta":{"footnotes":""},"categories":[5],"tags":[],"_links":{"self":[{"href":"http:\/\/damas.laiglesiadelacomunidad.com\/index.php?rest_route=\/wp\/v2\/posts\/3431"}],"collection":[{"href":"http:\/\/damas.laiglesiadelacomunidad.com\/index.php?rest_route=\/wp\/v2\/posts"}],"about":[{"href":"http:\/\/damas.laiglesiadelacomunidad.com\/index.php?rest_route=\/wp\/v2\/types\/post"}],"author":[{"embeddable":true,"href":"http:\/\/damas.laiglesiadelacomunidad.com\/index.php?rest_route=\/wp\/v2\/users\/2"}],"replies":[{"embeddable":true,"href":"http:\/\/damas.laiglesiadelacomunidad.com\/index.php?rest_route=%2Fwp%2Fv2%2Fcomments&post=3431"}],"version-history":[{"count":1,"href":"http:\/\/damas.laiglesiadelacomunidad.com\/index.php?rest_route=\/wp\/v2\/posts\/3431\/revisions"}],"predecessor-version":[{"id":3432,"href":"http:\/\/damas.laiglesiadelacomunidad.com\/index.php?rest_route=\/wp\/v2\/posts\/3431\/revisions\/3432"}],"wp:attachment":[{"href":"http:\/\/damas.laiglesiadelacomunidad.com\/index.php?rest_route=%2Fwp%2Fv2%2Fmedia&parent=3431"}],"wp:term":[{"taxonomy":"category","embeddable":true,"href":"http:\/\/damas.laiglesiadelacomunidad.com\/index.php?rest_route=%2Fwp%2Fv2%2Fcategories&post=3431"},{"taxonomy":"post_tag","embeddable":true,"href":"http:\/\/damas.laiglesiadelacomunidad.com\/index.php?rest_route=%2Fwp%2Fv2%2Ftags&post=3431"}],"curies":[{"name":"wp","href":"https:\/\/api.w.org\/{rel}","templated":true}]}}