{"id":3166,"date":"2014-03-16T23:32:20","date_gmt":"2014-03-17T04:32:20","guid":{"rendered":"http:\/\/damas.laiglesiadelacomunidad.com\/?p=3166"},"modified":"2014-12-12T05:35:49","modified_gmt":"2014-12-12T11:35:49","slug":"bautizo-de-escarlin","status":"publish","type":"post","link":"http:\/\/damas.laiglesiadelacomunidad.com\/?p=3166","title":{"rendered":"Bautizo de Escarlin"},"content":{"rendered":"<p><iframe loading=\"lazy\" width=\"480\" height=\"270\" src=\"http:\/\/www.youtube.com\/embed\/Ug-cjCQGgvQ?feature=oembed\" frameborder=\"0\" allowfullscreen><\/iframe><\/p>\n<p><span style=\"color: #800000;\"><strong>Les digo que as\u00ed tambi\u00e9n ser\u00e1 en el cielo: habr\u00e1 m\u00e1s gozo por un pecador que se arrepiente, que por noventa y nueve justos que no necesitan arrepentirse.<\/strong>\u00a0<span style=\"color: #000000;\">Lucas 15:7<\/span><\/span><\/p>\n<p><span style=\"color: #800000;\"><strong>Yo les digo a ustedes que el mismo gozo hay delante de los \u00e1ngeles de Dios por un pecador que se arrepiente<\/strong><\/span>. Lucas 15:10<\/p>\n<p>Gracias Kari por tomar este video,<\/p>\n<p>&nbsp;<\/p>\n","protected":false},"excerpt":{"rendered":"<p>Les digo que as\u00ed tambi\u00e9n ser\u00e1 en el cielo: habr\u00e1 m\u00e1s gozo por un pecador que se arrepiente, que por noventa y nueve justos que no necesitan arrepentirse.\u00a0Lucas 15:7 Yo les digo a ustedes que el mismo gozo hay delante de los \u00e1ngeles de Dios por un pecador que se arrepiente. Lucas 15:10 Gracias Kari &hellip; <a href=\"http:\/\/damas.laiglesiadelacomunidad.com\/?p=3166\" class=\"more-link\">Continue reading <span class=\"screen-reader-text\">Bautizo de Escarlin<\/span> <span class=\"meta-nav\">&rarr;<\/span><\/a><\/p>\n","protected":false},"author":2,"featured_media":0,"comment_status":"open","ping_status":"open","sticky":false,"template":"","format":"chat","meta":{"footnotes":""},"categories":[22],"tags":[],"_links":{"self":[{"href":"http:\/\/damas.laiglesiadelacomunidad.com\/index.php?rest_route=\/wp\/v2\/posts\/3166"}],"collection":[{"href":"http:\/\/damas.laiglesiadelacomunidad.com\/index.php?rest_route=\/wp\/v2\/posts"}],"about":[{"href":"http:\/\/damas.laiglesiadelacomunidad.com\/index.php?rest_route=\/wp\/v2\/types\/post"}],"author":[{"embeddable":true,"href":"http:\/\/damas.laiglesiadelacomunidad.com\/index.php?rest_route=\/wp\/v2\/users\/2"}],"replies":[{"embeddable":true,"href":"http:\/\/damas.laiglesiadelacomunidad.com\/index.php?rest_route=%2Fwp%2Fv2%2Fcomments&post=3166"}],"version-history":[{"count":3,"href":"http:\/\/damas.laiglesiadelacomunidad.com\/index.php?rest_route=\/wp\/v2\/posts\/3166\/revisions"}],"predecessor-version":[{"id":3169,"href":"http:\/\/damas.laiglesiadelacomunidad.com\/index.php?rest_route=\/wp\/v2\/posts\/3166\/revisions\/3169"}],"wp:attachment":[{"href":"http:\/\/damas.laiglesiadelacomunidad.com\/index.php?rest_route=%2Fwp%2Fv2%2Fmedia&parent=3166"}],"wp:term":[{"taxonomy":"category","embeddable":true,"href":"http:\/\/damas.laiglesiadelacomunidad.com\/index.php?rest_route=%2Fwp%2Fv2%2Fcategories&post=3166"},{"taxonomy":"post_tag","embeddable":true,"href":"http:\/\/damas.laiglesiadelacomunidad.com\/index.php?rest_route=%2Fwp%2Fv2%2Ftags&post=3166"}],"curies":[{"name":"wp","href":"https:\/\/api.w.org\/{rel}","templated":true}]}}