{"id":3103,"date":"2014-03-12T22:51:12","date_gmt":"2014-03-13T03:51:12","guid":{"rendered":"http:\/\/damas.laiglesiadelacomunidad.com\/?p=3103"},"modified":"2014-03-13T08:07:51","modified_gmt":"2014-03-13T13:07:51","slug":"peticiones-de-oracion-para-el-dia-de-ayuno","status":"publish","type":"post","link":"http:\/\/damas.laiglesiadelacomunidad.com\/?p=3103","title":{"rendered":"Peticiones de Oraci\u00f3n para el d\u00eda de Ayuno"},"content":{"rendered":"<p>1. Oremos por Raulito que Dios le conceda salud y crecimiento normal, por Michelle y Familia que Dios le conceda fuerzas durante esta prueba.<\/p>\n<p>2. Por la iglesia, por los hombres cristianos de todas las iglesias, que DIos los prepare para ser los l\u00edderes espirituales de sus familias y de la iglesia, Que Dios ponga un deseo ardiente de tener una relaci\u00f3n \u00edntima con el Se\u00f1or.<\/p>\n<p>3. Por los j\u00f3venes y ni\u00f1os de la iglesia para que tengan una relaci\u00f3n \u00edntima con el Se\u00f1or. Por los padres de \u00e9stos j\u00f3venes que sean ejemplos vivos de las escrituras.<\/p>\n<p>4. Por las nuevas visitas y por todas los que han recibido el evangelio que puedan tomar su decisi\u00f3n de seguir a Jes\u00fas, por arrepentirse y bautizarse. Oremos especialmente por Escarlin, Leymi y Anna que Dios les de el valor de tomar esa decisi\u00f3n.<\/p>\n<p>5. Por los esposos no Cristianos que Dios les toque su coraz\u00f3n y lleguen a conocerle.<\/p>\n<p>6. Por el matrimonio de cada una de nosotras, especialmente por el matrimonio de las que tienen problemas.<\/p>\n<p>7. Por las familias de cada una de nosotras que se mantengan unidas. Por nuestros esposos e hijos.<\/p>\n<p>8. Oremos por Robersy y su viaje, Estelita, Ana y por el grupo de los mi\u00e9rcoles, jueves, viernes y Sabados.<\/p>\n<p>9. Por los que se han alejado que DIos les toque sus corazones y los traiga de nuevo a su familia.<\/p>\n<p>10. Por el pap\u00e1 de Genesis, que siempre este con su esposa e hijos. Por Aisha que las protejas.<\/p>\n<p>11. Por el hijo y la salud de do\u00f1a Elsa y por su familia en Guatemala.<\/p>\n<p>12. POr la salud del esposo de Anna y la salud de Belinda.<\/p>\n<p>13. Chely que Dios le de mucha fortaleza para sobrellevar toda prueba y sabiduria para hablar el evangelio, guiar a sus hijos en el camino de Dios.<\/p>\n<p>14. POr Lizzy y todas nosotras que Dios nos conceda el deseo de siempre estar con \u00e9l y cumplir con sus propositos.<\/p>\n<p>15. Por todas nosotras que Dios nos mantenga unidas en un solo esp\u00edritu, trabajando unidas para la construcci\u00f3n del cuerpo de Cristo, que Dios nos libere del orgullo, del chisme, las criticas, los malos entendidos y todo aquello que no es beneficioso para las que estamos unidas en Cristo Jes\u00fas.<\/p>\n<p>16. Agradecer a DIos por la salud de Isa y por la oportunidad que Dios le ha dado de cumplir su deseo y \u00a0oremos por sus hijos que ellos conozcan a Dios<\/p>\n<p>17. Gracias se\u00f1or \u00a0por todo lo que nos das y gracias por unirnos en oraci\u00f3n y ayuno, Se\u00f1or te pedimos que nos libres de todo \u00a0mal AMEN.<\/p>\n","protected":false},"excerpt":{"rendered":"<p>1. Oremos por Raulito que Dios le conceda salud y crecimiento normal, por Michelle y Familia que Dios le conceda fuerzas durante esta prueba. 2. Por la iglesia, por los hombres cristianos de todas las iglesias, que DIos los prepare para ser los l\u00edderes espirituales de sus familias y de la iglesia, Que Dios ponga &hellip; <a href=\"http:\/\/damas.laiglesiadelacomunidad.com\/?p=3103\" class=\"more-link\">Continue reading <span class=\"screen-reader-text\">Peticiones de Oraci\u00f3n para el d\u00eda de Ayuno<\/span> <span class=\"meta-nav\">&rarr;<\/span><\/a><\/p>\n","protected":false},"author":2,"featured_media":0,"comment_status":"open","ping_status":"open","sticky":false,"template":"","format":"standard","meta":{"footnotes":""},"categories":[1],"tags":[],"_links":{"self":[{"href":"http:\/\/damas.laiglesiadelacomunidad.com\/index.php?rest_route=\/wp\/v2\/posts\/3103"}],"collection":[{"href":"http:\/\/damas.laiglesiadelacomunidad.com\/index.php?rest_route=\/wp\/v2\/posts"}],"about":[{"href":"http:\/\/damas.laiglesiadelacomunidad.com\/index.php?rest_route=\/wp\/v2\/types\/post"}],"author":[{"embeddable":true,"href":"http:\/\/damas.laiglesiadelacomunidad.com\/index.php?rest_route=\/wp\/v2\/users\/2"}],"replies":[{"embeddable":true,"href":"http:\/\/damas.laiglesiadelacomunidad.com\/index.php?rest_route=%2Fwp%2Fv2%2Fcomments&post=3103"}],"version-history":[{"count":8,"href":"http:\/\/damas.laiglesiadelacomunidad.com\/index.php?rest_route=\/wp\/v2\/posts\/3103\/revisions"}],"predecessor-version":[{"id":3116,"href":"http:\/\/damas.laiglesiadelacomunidad.com\/index.php?rest_route=\/wp\/v2\/posts\/3103\/revisions\/3116"}],"wp:attachment":[{"href":"http:\/\/damas.laiglesiadelacomunidad.com\/index.php?rest_route=%2Fwp%2Fv2%2Fmedia&parent=3103"}],"wp:term":[{"taxonomy":"category","embeddable":true,"href":"http:\/\/damas.laiglesiadelacomunidad.com\/index.php?rest_route=%2Fwp%2Fv2%2Fcategories&post=3103"},{"taxonomy":"post_tag","embeddable":true,"href":"http:\/\/damas.laiglesiadelacomunidad.com\/index.php?rest_route=%2Fwp%2Fv2%2Ftags&post=3103"}],"curies":[{"name":"wp","href":"https:\/\/api.w.org\/{rel}","templated":true}]}}