{"id":3093,"date":"2014-03-11T14:20:48","date_gmt":"2014-03-11T19:20:48","guid":{"rendered":"http:\/\/damas.laiglesiadelacomunidad.com\/?p=3093"},"modified":"2014-08-13T14:30:13","modified_gmt":"2014-08-13T19:30:13","slug":"nueva-cancion-6","status":"publish","type":"post","link":"http:\/\/damas.laiglesiadelacomunidad.com\/?p=3093","title":{"rendered":"Nueva canci\u00f3n"},"content":{"rendered":"<p>Esta es la nueva canci\u00f3n que estaremos cantando \u00e9ste domingo <a href=\"https:\/\/www.youtube.com\/watch?v=cI5bRniKWf4\">https:\/\/www.youtube.com\/watch?v=cI5bRniKWf4<\/a><a href=\"http:\/\/youtu.be\/Q7qjAKEEGMw\"><br \/>\n<\/a><\/p>\n","protected":false},"excerpt":{"rendered":"<p>Esta es la nueva canci\u00f3n que estaremos cantando \u00e9ste domingo https:\/\/www.youtube.com\/watch?v=cI5bRniKWf4<\/p>\n","protected":false},"author":2,"featured_media":0,"comment_status":"open","ping_status":"open","sticky":false,"template":"","format":"audio","meta":{"footnotes":""},"categories":[21],"tags":[],"_links":{"self":[{"href":"http:\/\/damas.laiglesiadelacomunidad.com\/index.php?rest_route=\/wp\/v2\/posts\/3093"}],"collection":[{"href":"http:\/\/damas.laiglesiadelacomunidad.com\/index.php?rest_route=\/wp\/v2\/posts"}],"about":[{"href":"http:\/\/damas.laiglesiadelacomunidad.com\/index.php?rest_route=\/wp\/v2\/types\/post"}],"author":[{"embeddable":true,"href":"http:\/\/damas.laiglesiadelacomunidad.com\/index.php?rest_route=\/wp\/v2\/users\/2"}],"replies":[{"embeddable":true,"href":"http:\/\/damas.laiglesiadelacomunidad.com\/index.php?rest_route=%2Fwp%2Fv2%2Fcomments&post=3093"}],"version-history":[{"count":3,"href":"http:\/\/damas.laiglesiadelacomunidad.com\/index.php?rest_route=\/wp\/v2\/posts\/3093\/revisions"}],"predecessor-version":[{"id":3096,"href":"http:\/\/damas.laiglesiadelacomunidad.com\/index.php?rest_route=\/wp\/v2\/posts\/3093\/revisions\/3096"}],"wp:attachment":[{"href":"http:\/\/damas.laiglesiadelacomunidad.com\/index.php?rest_route=%2Fwp%2Fv2%2Fmedia&parent=3093"}],"wp:term":[{"taxonomy":"category","embeddable":true,"href":"http:\/\/damas.laiglesiadelacomunidad.com\/index.php?rest_route=%2Fwp%2Fv2%2Fcategories&post=3093"},{"taxonomy":"post_tag","embeddable":true,"href":"http:\/\/damas.laiglesiadelacomunidad.com\/index.php?rest_route=%2Fwp%2Fv2%2Ftags&post=3093"}],"curies":[{"name":"wp","href":"https:\/\/api.w.org\/{rel}","templated":true}]}}