{"id":3087,"date":"2014-03-11T00:00:51","date_gmt":"2014-03-11T05:00:51","guid":{"rendered":"http:\/\/damas.laiglesiadelacomunidad.com\/?p=3087"},"modified":"2014-03-11T00:00:51","modified_gmt":"2014-03-11T05:00:51","slug":"versiculos-para-reflexionar-7","status":"publish","type":"post","link":"http:\/\/damas.laiglesiadelacomunidad.com\/?p=3087","title":{"rendered":"Vers\u00edculos para Reflexionar"},"content":{"rendered":"<p>Llegaron a Cafarna\u00fan, y en cuanto lleg\u00f3 el d\u00eda de reposo, Jes\u00fas fue a la sinagoga y se dedic\u00f3 a ense\u00f1ar. La gente se admiraba de sus ense\u00f1anzas, porque ense\u00f1aba como corresponde a quien tiene autoridad, y no como los escribas. De pronto, un hombre que ten\u00eda un esp\u00edritu impuro comenz\u00f3 a gritar en la sinagoga: \u00abOye, Jes\u00fas de Nazaret, \u00bfqu\u00e9 tienes contra nosotros? \u00bfHas venido a destruirnos? \u00a1Yo s\u00e9 qui\u00e9n eres t\u00fa! \u00a1Eres el Santo de Dios!\u00bb Pero Jes\u00fas lo reprendi\u00f3, y le dijo: \u00ab\u00a1C\u00e1llate, y sal de ese hombre!\u00bb El esp\u00edritu impuro sacudi\u00f3 al hombre con violencia y, gritando con todas sus fuerzas, sali\u00f3 de aquel hombre. Todos quedaron muy asombrados, y se preguntaban unos a otros: \u00ab\u00bfY esto qu\u00e9 es? \u00bfAcaso es una nueva ense\u00f1anza? \u00a1Con toda autoridad manda incluso a los esp\u00edritus impuros, y \u00e9stos lo obedecen!\u00bb Y muy pronto la fama de Jes\u00fas se difundi\u00f3 por toda la provincia de Galilea. (San Marcos 1:21-28 RVC)<\/p>\n","protected":false},"excerpt":{"rendered":"<p>Llegaron a Cafarna\u00fan, y en cuanto lleg\u00f3 el d\u00eda de reposo, Jes\u00fas fue a la sinagoga y se dedic\u00f3 a ense\u00f1ar. La gente se admiraba de sus ense\u00f1anzas, porque ense\u00f1aba como corresponde a quien tiene autoridad, y no como los escribas. De pronto, un hombre que ten\u00eda un esp\u00edritu impuro comenz\u00f3 a gritar en la &hellip; <a href=\"http:\/\/damas.laiglesiadelacomunidad.com\/?p=3087\" class=\"more-link\">Continue reading <span class=\"screen-reader-text\">Vers\u00edculos para Reflexionar<\/span> <span class=\"meta-nav\">&rarr;<\/span><\/a><\/p>\n","protected":false},"author":2,"featured_media":0,"comment_status":"open","ping_status":"open","sticky":false,"template":"","format":"standard","meta":{"footnotes":""},"categories":[5],"tags":[],"_links":{"self":[{"href":"http:\/\/damas.laiglesiadelacomunidad.com\/index.php?rest_route=\/wp\/v2\/posts\/3087"}],"collection":[{"href":"http:\/\/damas.laiglesiadelacomunidad.com\/index.php?rest_route=\/wp\/v2\/posts"}],"about":[{"href":"http:\/\/damas.laiglesiadelacomunidad.com\/index.php?rest_route=\/wp\/v2\/types\/post"}],"author":[{"embeddable":true,"href":"http:\/\/damas.laiglesiadelacomunidad.com\/index.php?rest_route=\/wp\/v2\/users\/2"}],"replies":[{"embeddable":true,"href":"http:\/\/damas.laiglesiadelacomunidad.com\/index.php?rest_route=%2Fwp%2Fv2%2Fcomments&post=3087"}],"version-history":[{"count":1,"href":"http:\/\/damas.laiglesiadelacomunidad.com\/index.php?rest_route=\/wp\/v2\/posts\/3087\/revisions"}],"predecessor-version":[{"id":3088,"href":"http:\/\/damas.laiglesiadelacomunidad.com\/index.php?rest_route=\/wp\/v2\/posts\/3087\/revisions\/3088"}],"wp:attachment":[{"href":"http:\/\/damas.laiglesiadelacomunidad.com\/index.php?rest_route=%2Fwp%2Fv2%2Fmedia&parent=3087"}],"wp:term":[{"taxonomy":"category","embeddable":true,"href":"http:\/\/damas.laiglesiadelacomunidad.com\/index.php?rest_route=%2Fwp%2Fv2%2Fcategories&post=3087"},{"taxonomy":"post_tag","embeddable":true,"href":"http:\/\/damas.laiglesiadelacomunidad.com\/index.php?rest_route=%2Fwp%2Fv2%2Ftags&post=3087"}],"curies":[{"name":"wp","href":"https:\/\/api.w.org\/{rel}","templated":true}]}}