{"id":2918,"date":"2014-03-09T22:46:51","date_gmt":"2014-03-10T03:46:51","guid":{"rendered":"http:\/\/damas.laiglesiadelacomunidad.com\/?p=2918"},"modified":"2014-03-09T22:55:28","modified_gmt":"2014-03-10T03:55:28","slug":"reunion-9-de-marzo-2014","status":"publish","type":"post","link":"http:\/\/damas.laiglesiadelacomunidad.com\/?p=2918","title":{"rendered":"Reuni\u00f3n 9 de Marzo 2014"},"content":{"rendered":"<p>REUNION 9 DE MARZO 2014<\/p>\n<p>Gracias Se\u00f1or por tan excelente noche, gracias a todos los voluntarios y a todas las personas que asistieron a la reuni\u00f3n. Seguimos en oraci\u00f3n por Raulito y por su familia.<\/p>\n<p>Estamos estudiando la carta del Apostol Pablo a los G\u00e1latas. Como vimos hoy todos queremos ser buenos o por lo menos queremos aparentarlo, queremos vernos buenos delante de otros y como cristianos queremos vernos buenos delante de Dios, pero como vimos lo menos que somos es ser buenos, tal vez somos mejores que antes pero seguimos siendo las personas, chismosas, envidiosas, egoistas, \u00a0criticonas, mentirosas etc. A lo mejor lo hacemos en una menor escala que antes, pero lo seguimos haciendo. No obstante a pesar de ser malas, tenemos un Padre que nos ama y nos llena de Su Gracia y nos da paz, y recibimos esto por entrar en una relaci\u00f3n con \u00e9l a trav\u00e9s de Jesucristo, cuando nosotras escuchamos y recibimos el evangelio y tomamos nuestra decisi\u00f3n de seguir a Jes\u00fas por arrepentirnos y bautizarnos, recibimos su inmesa gracia y empieza por lavar nuestros pecados y darnos Su Esp\u00edritu, y nos lo da completamente gratis, y nadie puede tomar credito por nuestra transformaci\u00f3n solamente \u00e9l.<\/p>\n<div><em><strong>que tengan gracia y paz de Dios el Padre y de nuestro Se\u00f1or Jesucristo,\u00a0el cual se dio a s\u00ed mismo por nuestros pecados para librarnos del presente siglo malo, conforme a la voluntad de nuestro Dios y Padre,\u00a0a quien sea dada la gloria por los siglos de los siglos. Am\u00e9n.<\/strong><\/em>Galatas 1:3-5<\/div>\n<div><\/div>\n<div>Se\u00f1or te damos gracias por lo bueno que eres, por perdonarnos y amarnos aunque no lo merezcamos, gracias por tu hijo Jesucristo en su nombre te pedimos que cuides de tu iglesia especialmente de Raulito. Am\u00e9n.<\/div>\n<div><\/div>\n<div>Que Dios las continue bendiciendo, Feliz cumplea\u00f1os Chely, te queremos mucho\u00a0<span style=\"color: #ff0000;\">\u2665<\/span><\/div>\n<div><\/div>\n<div><span style=\"color: #000000;\">Jackie C.<\/span><\/div>\n<div><\/div>\n<p><a href=\"http:\/\/damas.laiglesiadelacomunidad.com\/wp-content\/uploads\/2014\/03\/20140309-224752.jpg\"><img decoding=\"async\" class=\"alignnone size-full\" alt=\"20140309-224752.jpg\" src=\"http:\/\/damas.laiglesiadelacomunidad.com\/wp-content\/uploads\/2014\/03\/20140309-224752.jpg\" \/><\/a><\/p>\n<p><a href=\"http:\/\/damas.laiglesiadelacomunidad.com\/wp-content\/uploads\/2014\/03\/20140309-224808.jpg\"><img decoding=\"async\" class=\"alignnone size-full\" alt=\"20140309-224808.jpg\" src=\"http:\/\/damas.laiglesiadelacomunidad.com\/wp-content\/uploads\/2014\/03\/20140309-224808.jpg\" \/><\/a><\/p>\n<p><a href=\"http:\/\/damas.laiglesiadelacomunidad.com\/wp-content\/uploads\/2014\/03\/20140309-224822.jpg\"><img decoding=\"async\" class=\"alignnone size-full\" alt=\"20140309-224822.jpg\" src=\"http:\/\/damas.laiglesiadelacomunidad.com\/wp-content\/uploads\/2014\/03\/20140309-224822.jpg\" \/><\/a><\/p>\n<p><a href=\"http:\/\/damas.laiglesiadelacomunidad.com\/wp-content\/uploads\/2014\/03\/20140309-225035.jpg\"><img decoding=\"async\" class=\"alignnone size-full\" alt=\"20140309-225035.jpg\" src=\"http:\/\/damas.laiglesiadelacomunidad.com\/wp-content\/uploads\/2014\/03\/20140309-225035.jpg\" \/><\/a><\/p>\n","protected":false},"excerpt":{"rendered":"<p>REUNION 9 DE MARZO 2014 Gracias Se\u00f1or por tan excelente noche, gracias a todos los voluntarios y a todas las personas que asistieron a la reuni\u00f3n. Seguimos en oraci\u00f3n por Raulito y por su familia. Estamos estudiando la carta del Apostol Pablo a los G\u00e1latas. Como vimos hoy todos queremos ser buenos o por lo &hellip; <a href=\"http:\/\/damas.laiglesiadelacomunidad.com\/?p=2918\" class=\"more-link\">Continue reading <span class=\"screen-reader-text\">Reuni\u00f3n 9 de Marzo 2014<\/span> <span class=\"meta-nav\">&rarr;<\/span><\/a><\/p>\n","protected":false},"author":2,"featured_media":0,"comment_status":"open","ping_status":"open","sticky":false,"template":"","format":"quote","meta":{"footnotes":""},"categories":[7],"tags":[],"_links":{"self":[{"href":"http:\/\/damas.laiglesiadelacomunidad.com\/index.php?rest_route=\/wp\/v2\/posts\/2918"}],"collection":[{"href":"http:\/\/damas.laiglesiadelacomunidad.com\/index.php?rest_route=\/wp\/v2\/posts"}],"about":[{"href":"http:\/\/damas.laiglesiadelacomunidad.com\/index.php?rest_route=\/wp\/v2\/types\/post"}],"author":[{"embeddable":true,"href":"http:\/\/damas.laiglesiadelacomunidad.com\/index.php?rest_route=\/wp\/v2\/users\/2"}],"replies":[{"embeddable":true,"href":"http:\/\/damas.laiglesiadelacomunidad.com\/index.php?rest_route=%2Fwp%2Fv2%2Fcomments&post=2918"}],"version-history":[{"count":7,"href":"http:\/\/damas.laiglesiadelacomunidad.com\/index.php?rest_route=\/wp\/v2\/posts\/2918\/revisions"}],"predecessor-version":[{"id":2924,"href":"http:\/\/damas.laiglesiadelacomunidad.com\/index.php?rest_route=\/wp\/v2\/posts\/2918\/revisions\/2924"}],"wp:attachment":[{"href":"http:\/\/damas.laiglesiadelacomunidad.com\/index.php?rest_route=%2Fwp%2Fv2%2Fmedia&parent=2918"}],"wp:term":[{"taxonomy":"category","embeddable":true,"href":"http:\/\/damas.laiglesiadelacomunidad.com\/index.php?rest_route=%2Fwp%2Fv2%2Fcategories&post=2918"},{"taxonomy":"post_tag","embeddable":true,"href":"http:\/\/damas.laiglesiadelacomunidad.com\/index.php?rest_route=%2Fwp%2Fv2%2Ftags&post=2918"}],"curies":[{"name":"wp","href":"https:\/\/api.w.org\/{rel}","templated":true}]}}