{"id":2903,"date":"2014-03-07T09:41:56","date_gmt":"2014-03-07T15:41:56","guid":{"rendered":"http:\/\/damas.laiglesiadelacomunidad.com\/?p=2903"},"modified":"2014-03-07T09:41:56","modified_gmt":"2014-03-07T15:41:56","slug":"versiculo-para-reflexionar-32","status":"publish","type":"post","link":"http:\/\/damas.laiglesiadelacomunidad.com\/?p=2903","title":{"rendered":"Vers\u00edculo para Reflexionar"},"content":{"rendered":"<p>si mi pueblo, sobre el cual se invoca mi nombre, se humilla y ora, y busca mi rostro, y se aparta de sus malos caminos, yo lo escuchar\u00e9 desde los cielos, perdonar\u00e9 sus pecados y sanar\u00e9 su tierra. (2 Cr\u00f3nicas 7:14 RVC)<\/p>\n","protected":false},"excerpt":{"rendered":"<p>si mi pueblo, sobre el cual se invoca mi nombre, se humilla y ora, y busca mi rostro, y se aparta de sus malos caminos, yo lo escuchar\u00e9 desde los cielos, perdonar\u00e9 sus pecados y sanar\u00e9 su tierra. (2 Cr\u00f3nicas 7:14 RVC)<\/p>\n","protected":false},"author":2,"featured_media":0,"comment_status":"open","ping_status":"open","sticky":false,"template":"","format":"standard","meta":{"footnotes":""},"categories":[5],"tags":[],"_links":{"self":[{"href":"http:\/\/damas.laiglesiadelacomunidad.com\/index.php?rest_route=\/wp\/v2\/posts\/2903"}],"collection":[{"href":"http:\/\/damas.laiglesiadelacomunidad.com\/index.php?rest_route=\/wp\/v2\/posts"}],"about":[{"href":"http:\/\/damas.laiglesiadelacomunidad.com\/index.php?rest_route=\/wp\/v2\/types\/post"}],"author":[{"embeddable":true,"href":"http:\/\/damas.laiglesiadelacomunidad.com\/index.php?rest_route=\/wp\/v2\/users\/2"}],"replies":[{"embeddable":true,"href":"http:\/\/damas.laiglesiadelacomunidad.com\/index.php?rest_route=%2Fwp%2Fv2%2Fcomments&post=2903"}],"version-history":[{"count":1,"href":"http:\/\/damas.laiglesiadelacomunidad.com\/index.php?rest_route=\/wp\/v2\/posts\/2903\/revisions"}],"predecessor-version":[{"id":2904,"href":"http:\/\/damas.laiglesiadelacomunidad.com\/index.php?rest_route=\/wp\/v2\/posts\/2903\/revisions\/2904"}],"wp:attachment":[{"href":"http:\/\/damas.laiglesiadelacomunidad.com\/index.php?rest_route=%2Fwp%2Fv2%2Fmedia&parent=2903"}],"wp:term":[{"taxonomy":"category","embeddable":true,"href":"http:\/\/damas.laiglesiadelacomunidad.com\/index.php?rest_route=%2Fwp%2Fv2%2Fcategories&post=2903"},{"taxonomy":"post_tag","embeddable":true,"href":"http:\/\/damas.laiglesiadelacomunidad.com\/index.php?rest_route=%2Fwp%2Fv2%2Ftags&post=2903"}],"curies":[{"name":"wp","href":"https:\/\/api.w.org\/{rel}","templated":true}]}}