{"id":2852,"date":"2014-03-05T21:51:35","date_gmt":"2014-03-06T03:51:35","guid":{"rendered":"http:\/\/damas.laiglesiadelacomunidad.com\/?p=2852"},"modified":"2014-03-05T22:09:44","modified_gmt":"2014-03-06T04:09:44","slug":"estudio-5-de-marzo-2014","status":"publish","type":"post","link":"http:\/\/damas.laiglesiadelacomunidad.com\/?p=2852","title":{"rendered":"Estudio 5 de Marzo 2014"},"content":{"rendered":"<p>Gracias a Dios por la reuni\u00f3n de hoy, gracias a todas por haber venido, \u00a1que linda reuni\u00f3n! Seguimos pidiendo por la familia Vasquez especialmente por Raulito.<\/p>\n<p>Hoy vimos como <strong>Dios gu\u00eda a sus hijos.<\/strong>\u00a0Como vimos, en el pasado Dios daba se\u00f1ales f\u00edsicas para guiar a sus hijos, Dios gui\u00f3 el pueblo de Israel al salir de Egipto por las ma\u00f1anas con una columna de humo y por las noches con una columna de fuego, les di\u00f3 los 10 mandamientos escritos con su propio dedo, envi\u00f3 profetas y no solo eso envi\u00f3 a su propio hijo para hablarnos.<\/p>\n<p>Hoy en d\u00eda nos gu\u00eda con su palabra, nos dej\u00f3 a su esp\u00edritu para que se moviera entre nosotras y cuando tomamos nuestra decisi\u00f3n su Esp\u00edritu mora en nosotros, nos ha dado esta linda comunidad y nos usa para guiarnos, \u00a0instruirnos y para corregirnos, nos ha dado l\u00edderes que nos ayudan en nuestro caminar con Dios. Dios siempre nos manda a algui\u00e9n que nos diga estas haciendo bien o que nos diga estas haciendo mal. Dios nunca nos deja solas siempre esta all\u00ed con su Esp\u00edritu Santo morando en nosotras para guiarnos, de la \u00fanica forma que no nos puede guiar es si nosotras no lo queremos escuchar.<\/p>\n<div><em><strong>Esparcir\u00e9 agua limpia sobre ustedes, y ustedes quedar\u00e1n limpios de todas sus impurezas, pues los limpiar\u00e9 de todos sus \u00eddolos.\u00a0Les dar\u00e9 un coraz\u00f3n nuevo, y pondr\u00e9 en ustedes un esp\u00edritu nuevo; les quitar\u00e9 el coraz\u00f3n de piedra que ahora tienen, y les dar\u00e9 un coraz\u00f3n sensible.\u00a0Pondr\u00e9 en ustedes mi esp\u00edritu, y har\u00e9 que cumplan mis estatutos, y que obedezcan y pongan en pr\u00e1ctica mis preceptos.<\/strong> <\/em>Ezequiel 36:25-27<\/div>\n<div><\/div>\n<div>\n<div><em>Y Pedro les dijo: \u00abArrepi\u00e9ntanse, y baut\u00edcense todos ustedes en el nombre de Jesucristo, para que sus pecados les sean perdonados. Entonces recibir\u00e1n el don del Esp\u00edritu Santo.\u00a0Porque la promesa es para ustedes y para sus hijos, para todos los que est\u00e1n lejos, y para todos aquellos a quienes el Se\u00f1or nuestro Dios llame.\u00bb\u00a0Y con muchas otras palabras les hablaba y los animaba. Les dec\u00eda: \u00abP\u00f3nganse a salvo de esta generaci\u00f3n perversa.<\/em>\u00bb Hechos 2:38-40<\/div>\n<div><\/div>\n<div>\n<div><em><strong>T\u00fa, por tu parte, persiste en lo que has aprendido y en lo que te persuadiste, pues sabes de qui\u00e9n has aprendido;\u00a0t\u00fa desde la ni\u00f1ez has conocido las Sagradas Escrituras, las cuales te pueden hacer sabio para la salvaci\u00f3n por la fe que es en Cristo Jes\u00fas.\u00a0Toda la Escritura es inspirada por Dios, y \u00fatil para ense\u00f1ar, para redarg\u00fcir, para corregir, para instruir en justicia,\u00a0a fin de que el hombre de Dios sea perfecto, enteramente preparado para toda buena obra.<\/strong><\/em> 2 Tim. 3:14-17<\/div>\n<div><\/div>\n<div>\n<div><em>La palabra de Dios es viva y eficaz, y m\u00e1s cortante que las espadas de dos filos, pues penetra hasta partir el alma y el esp\u00edritu, las coyunturas y los tu\u00e9tanos, y discierne los pensamientos y las intenciones del coraz\u00f3n.\u00a0Nada de lo que Dios cre\u00f3 puede esconderse de \u00e9l, sino que todas las cosas quedan al desnudo y descubiertas a los ojos de aquel a quien tenemos que rendir cuentas.<\/em> Hebreos 4:12-13<\/div>\n<div><\/div>\n<div>Se\u00f1or gracias por guiarnos, te pedimos que no endurezcamos nuestro coraz\u00f3n a tu palabra y a tu llamado.<\/div>\n<div><\/div>\n<div>Por favor sigamos en oraci\u00f3n por Raulito. Que tengan un buen resto de semana. Las quiero mucho;<\/div>\n<div><\/div>\n<div>Jackie C.<\/div>\n<div><\/div>\n<div><\/div>\n<div><\/div>\n<\/div>\n<\/div>\n<\/div>\n<p><a href=\"http:\/\/damas.laiglesiadelacomunidad.com\/wp-content\/uploads\/2014\/03\/20140305-215223.jpg\"><img decoding=\"async\" class=\"alignnone size-full\" alt=\"20140305-215223.jpg\" src=\"http:\/\/damas.laiglesiadelacomunidad.com\/wp-content\/uploads\/2014\/03\/20140305-215223.jpg\" \/><\/a><\/p>\n<p><a href=\"http:\/\/damas.laiglesiadelacomunidad.com\/wp-content\/uploads\/2014\/03\/20140305-215236.jpg\"><img decoding=\"async\" class=\"alignnone size-full\" alt=\"20140305-215236.jpg\" src=\"http:\/\/damas.laiglesiadelacomunidad.com\/wp-content\/uploads\/2014\/03\/20140305-215236.jpg\" \/><\/a><\/p>\n<p><a href=\"http:\/\/damas.laiglesiadelacomunidad.com\/wp-content\/uploads\/2014\/03\/20140305-215245.jpg\"><img decoding=\"async\" class=\"alignnone size-full\" alt=\"20140305-215245.jpg\" src=\"http:\/\/damas.laiglesiadelacomunidad.com\/wp-content\/uploads\/2014\/03\/20140305-215245.jpg\" \/><\/a><\/p>\n<p><a href=\"http:\/\/damas.laiglesiadelacomunidad.com\/wp-content\/uploads\/2014\/03\/20140305-215256.jpg\"><img decoding=\"async\" class=\"alignnone size-full\" alt=\"20140305-215256.jpg\" src=\"http:\/\/damas.laiglesiadelacomunidad.com\/wp-content\/uploads\/2014\/03\/20140305-215256.jpg\" \/><\/a><\/p>\n<p><a href=\"http:\/\/damas.laiglesiadelacomunidad.com\/wp-content\/uploads\/2014\/03\/20140305-215320.jpg\"><img decoding=\"async\" class=\"alignnone size-full\" alt=\"20140305-215320.jpg\" src=\"http:\/\/damas.laiglesiadelacomunidad.com\/wp-content\/uploads\/2014\/03\/20140305-215320.jpg\" \/><\/a><\/p>\n<p><a href=\"http:\/\/damas.laiglesiadelacomunidad.com\/wp-content\/uploads\/2014\/03\/20140305-215329.jpg\"><img decoding=\"async\" class=\"alignnone size-full\" alt=\"20140305-215329.jpg\" src=\"http:\/\/damas.laiglesiadelacomunidad.com\/wp-content\/uploads\/2014\/03\/20140305-215329.jpg\" \/><\/a><\/p>\n<p><a href=\"http:\/\/damas.laiglesiadelacomunidad.com\/wp-content\/uploads\/2014\/03\/20140305-215407.jpg\"><img decoding=\"async\" class=\"alignnone size-full\" alt=\"20140305-215407.jpg\" src=\"http:\/\/damas.laiglesiadelacomunidad.com\/wp-content\/uploads\/2014\/03\/20140305-215407.jpg\" \/><\/a><\/p>\n<p><a href=\"http:\/\/damas.laiglesiadelacomunidad.com\/wp-content\/uploads\/2014\/03\/20140305-215415.jpg\"><img decoding=\"async\" class=\"alignnone size-full\" alt=\"20140305-215415.jpg\" src=\"http:\/\/damas.laiglesiadelacomunidad.com\/wp-content\/uploads\/2014\/03\/20140305-215415.jpg\" \/><\/a><\/p>\n<p><a href=\"http:\/\/damas.laiglesiadelacomunidad.com\/wp-content\/uploads\/2014\/03\/20140305-215435.jpg\"><img decoding=\"async\" class=\"alignnone size-full\" alt=\"20140305-215435.jpg\" src=\"http:\/\/damas.laiglesiadelacomunidad.com\/wp-content\/uploads\/2014\/03\/20140305-215435.jpg\" \/><\/a><\/p>\n<p>&nbsp;<\/p>\n","protected":false},"excerpt":{"rendered":"<p>Gracias a Dios por la reuni\u00f3n de hoy, gracias a todas por haber venido, \u00a1que linda reuni\u00f3n! Seguimos pidiendo por la familia Vasquez especialmente por Raulito. Hoy vimos como Dios gu\u00eda a sus hijos.\u00a0Como vimos, en el pasado Dios daba se\u00f1ales f\u00edsicas para guiar a sus hijos, Dios gui\u00f3 el pueblo de Israel al salir &hellip; <a href=\"http:\/\/damas.laiglesiadelacomunidad.com\/?p=2852\" class=\"more-link\">Continue reading <span class=\"screen-reader-text\">Estudio 5 de Marzo 2014<\/span> <span class=\"meta-nav\">&rarr;<\/span><\/a><\/p>\n","protected":false},"author":2,"featured_media":0,"comment_status":"open","ping_status":"open","sticky":false,"template":"","format":"standard","meta":{"footnotes":""},"categories":[6],"tags":[],"_links":{"self":[{"href":"http:\/\/damas.laiglesiadelacomunidad.com\/index.php?rest_route=\/wp\/v2\/posts\/2852"}],"collection":[{"href":"http:\/\/damas.laiglesiadelacomunidad.com\/index.php?rest_route=\/wp\/v2\/posts"}],"about":[{"href":"http:\/\/damas.laiglesiadelacomunidad.com\/index.php?rest_route=\/wp\/v2\/types\/post"}],"author":[{"embeddable":true,"href":"http:\/\/damas.laiglesiadelacomunidad.com\/index.php?rest_route=\/wp\/v2\/users\/2"}],"replies":[{"embeddable":true,"href":"http:\/\/damas.laiglesiadelacomunidad.com\/index.php?rest_route=%2Fwp%2Fv2%2Fcomments&post=2852"}],"version-history":[{"count":17,"href":"http:\/\/damas.laiglesiadelacomunidad.com\/index.php?rest_route=\/wp\/v2\/posts\/2852\/revisions"}],"predecessor-version":[{"id":2883,"href":"http:\/\/damas.laiglesiadelacomunidad.com\/index.php?rest_route=\/wp\/v2\/posts\/2852\/revisions\/2883"}],"wp:attachment":[{"href":"http:\/\/damas.laiglesiadelacomunidad.com\/index.php?rest_route=%2Fwp%2Fv2%2Fmedia&parent=2852"}],"wp:term":[{"taxonomy":"category","embeddable":true,"href":"http:\/\/damas.laiglesiadelacomunidad.com\/index.php?rest_route=%2Fwp%2Fv2%2Fcategories&post=2852"},{"taxonomy":"post_tag","embeddable":true,"href":"http:\/\/damas.laiglesiadelacomunidad.com\/index.php?rest_route=%2Fwp%2Fv2%2Ftags&post=2852"}],"curies":[{"name":"wp","href":"https:\/\/api.w.org\/{rel}","templated":true}]}}