{"id":2833,"date":"2014-03-03T23:05:56","date_gmt":"2014-03-04T05:05:56","guid":{"rendered":"http:\/\/damas.laiglesiadelacomunidad.com\/?p=2833"},"modified":"2014-03-15T23:03:33","modified_gmt":"2014-03-16T04:03:33","slug":"feliz-1er-mes-raulito","status":"publish","type":"post","link":"http:\/\/damas.laiglesiadelacomunidad.com\/?p=2833","title":{"rendered":"Feliz 1er mes Raulito"},"content":{"rendered":"<p>Hoy est\u00e1 cumpliendo su primer mes Raulito. Mich y Ra\u00fal queremos que sepan que estamos unidas en oraci\u00f3n por Raulito. Te queremos mucho Beb\u00e9.<\/p>\n<p><strong>Los hijos son un regalo del Se\u00f1or;\u00a0los frutos del vientre son nuestra recompensa<\/strong>.Salmos 127:3<\/p>\n<p><strong>Desde el vientre de mi madre me has sostenido;\u00a0\u00a1t\u00fa me sacaste de las entra\u00f1as de mi madre,\u00a0y para ti ser\u00e1 siempre mi alabanza!<\/strong> Salmos 71:6<\/p>\n<p><a href=\"http:\/\/damas.laiglesiadelacomunidad.com\/wp-content\/uploads\/2014\/03\/20140303-231923.jpg\"><img decoding=\"async\" class=\"alignnone size-full\" alt=\"20140303-231923.jpg\" src=\"http:\/\/damas.laiglesiadelacomunidad.com\/wp-content\/uploads\/2014\/03\/20140303-231923.jpg\" \/><\/a><\/p>\n","protected":false},"excerpt":{"rendered":"<p>Hoy est\u00e1 cumpliendo su primer mes Raulito. Mich y Ra\u00fal queremos que sepan que estamos unidas en oraci\u00f3n por Raulito. Te queremos mucho Beb\u00e9. Los hijos son un regalo del Se\u00f1or;\u00a0los frutos del vientre son nuestra recompensa.Salmos 127:3 Desde el vientre de mi madre me has sostenido;\u00a0\u00a1t\u00fa me sacaste de las entra\u00f1as de mi madre,\u00a0y &hellip; <a href=\"http:\/\/damas.laiglesiadelacomunidad.com\/?p=2833\" class=\"more-link\">Continue reading <span class=\"screen-reader-text\">Feliz 1er mes Raulito<\/span> <span class=\"meta-nav\">&rarr;<\/span><\/a><\/p>\n","protected":false},"author":2,"featured_media":0,"comment_status":"open","ping_status":"open","sticky":false,"template":"","format":"chat","meta":{"footnotes":""},"categories":[1],"tags":[],"_links":{"self":[{"href":"http:\/\/damas.laiglesiadelacomunidad.com\/index.php?rest_route=\/wp\/v2\/posts\/2833"}],"collection":[{"href":"http:\/\/damas.laiglesiadelacomunidad.com\/index.php?rest_route=\/wp\/v2\/posts"}],"about":[{"href":"http:\/\/damas.laiglesiadelacomunidad.com\/index.php?rest_route=\/wp\/v2\/types\/post"}],"author":[{"embeddable":true,"href":"http:\/\/damas.laiglesiadelacomunidad.com\/index.php?rest_route=\/wp\/v2\/users\/2"}],"replies":[{"embeddable":true,"href":"http:\/\/damas.laiglesiadelacomunidad.com\/index.php?rest_route=%2Fwp%2Fv2%2Fcomments&post=2833"}],"version-history":[{"count":6,"href":"http:\/\/damas.laiglesiadelacomunidad.com\/index.php?rest_route=\/wp\/v2\/posts\/2833\/revisions"}],"predecessor-version":[{"id":2840,"href":"http:\/\/damas.laiglesiadelacomunidad.com\/index.php?rest_route=\/wp\/v2\/posts\/2833\/revisions\/2840"}],"wp:attachment":[{"href":"http:\/\/damas.laiglesiadelacomunidad.com\/index.php?rest_route=%2Fwp%2Fv2%2Fmedia&parent=2833"}],"wp:term":[{"taxonomy":"category","embeddable":true,"href":"http:\/\/damas.laiglesiadelacomunidad.com\/index.php?rest_route=%2Fwp%2Fv2%2Fcategories&post=2833"},{"taxonomy":"post_tag","embeddable":true,"href":"http:\/\/damas.laiglesiadelacomunidad.com\/index.php?rest_route=%2Fwp%2Fv2%2Ftags&post=2833"}],"curies":[{"name":"wp","href":"https:\/\/api.w.org\/{rel}","templated":true}]}}