{"id":2798,"date":"2014-03-02T22:42:30","date_gmt":"2014-03-03T04:42:30","guid":{"rendered":"http:\/\/damas.laiglesiadelacomunidad.com\/?p=2798"},"modified":"2014-03-03T00:36:54","modified_gmt":"2014-03-03T06:36:54","slug":"reunion-2-de-marzo-2014","status":"publish","type":"post","link":"http:\/\/damas.laiglesiadelacomunidad.com\/?p=2798","title":{"rendered":"Reuni\u00f3n 2 de Marzo 2014"},"content":{"rendered":"<p>Gracias a Dios por la noche de hoy, gracias a todas las personas que vinieron a pesar de las bajas temperaturas.<\/p>\n<p>Hoy empezamos la nueva serie de la Carta del apostol Pablo a los G\u00e1latas. El mensaje de hoy fue muy interesante y no voy a usar mis propias palabras si no las palabras que us\u00f3 Felipe para explicarlo, En el mensaje Felipe hizo esta pregunta \u00bfC\u00f3mo queremos que nuestra vida sea? y \u00e9l di\u00f3 \u00e9stas dos listas;<\/p>\n<p>Lista #1<\/p>\n<ul>\n<li>Llena<\/li>\n<li>Confianza<\/li>\n<li>Decisivo<\/li>\n<li>Gozo<\/li>\n<li>Logros<\/li>\n<li>Prop\u00f3sito<\/li>\n<li>Dejar gran legado<\/li>\n<\/ul>\n<p>Lista #2<\/p>\n<ul>\n<li>Inconstante<\/li>\n<li>Empieza mucho, termina poco<\/li>\n<li>Sin dejar marca<\/li>\n<li>Triste<\/li>\n<li>Vac\u00eda<\/li>\n<li>Inseguro<\/li>\n<li>Sin sentido<\/li>\n<\/ul>\n<p>A veces vivimos la vida egoistamente agradandonos a nosotros mismos o vivimos nuestras vidas buscando aprobaci\u00f3n, agradando a otros, pero Jes\u00fas nos pide que vivamos la vida de una manera que agrade a \u00e9l. La\u00a0Idea grande de hoy fue \u2014 El seguidor de Jes\u00fas, vive entregado a la misi\u00f3n de Jes\u00fas, bajo los \u00f3rdenes de Jes\u00fas.<\/p>\n<p>Muchas veces nosotras hacemos lo que hacemos por \u00e9stas razones;<\/p>\n<ul>\n<li>Nosotros\u00a0<strong>queremos<\/strong>\u00a0(conseguir felicidad o escapar de algo malo,\u00a0Piensa en cu\u00e1nto de lo que haces es simplemente porque quieres)<\/li>\n<li>Sentimos\u00a0<strong>obligados<\/strong>\u00a0(por la vida, por la ley, por las normas.\u00a0Piensa en las cosas que haces a la fuerza)<\/li>\n<li>Por el\u00a0<strong>qu\u00e9 dir\u00e1n.\u00a0<\/strong>Piensa en las cosas que haces para complacer a otros<\/li>\n<\/ul>\n<p>Vivir asi nos hace vivir infelices, inseguros, amargados, con orgullo, en pocas palabras desperdiciamos la vida.<\/p>\n<p>Jes\u00fas desea que vivamos bajo sus ordenanzas, Pablo en sus cartas nos explica como \u00e9l viv\u00eda una vida como seguidor de Jes\u00fas, y esto veremos durante el resto de la serie.<\/p>\n<div><em><strong>Yo, Pablo, ap\u00f3stol (y no de los hombres ni por medio de los hombres, sino por Jesucristo y por Dios el Padre que lo resucit\u00f3 de los muertos),\u00a0y todos los hermanos que est\u00e1n conmigo, deseamos a las iglesias de Galacia.<\/strong> <\/em>G\u00e1latas 1:1-2<\/div>\n<div><\/div>\n<div><em><strong>Y todo lo que hagan, ya sea de palabra o de hecho, h\u00e1ganlo en el nombre del Se\u00f1or Jes\u00fas, dando gracias a Dios el Padre por medio de \u00e9l.<\/strong> <\/em>Colosenses 3:17<\/div>\n<div><\/div>\n<div><em><strong>Y todo lo que hagan, h\u00e1ganlo de coraz\u00f3n, como para el Se\u00f1or y no como para la gente,<\/strong> <\/em>Colosences 3:23<\/div>\n<div><\/div>\n<div>Hay tres preguntas de aplicaci\u00f3n que veremos el mi\u00e9rcoles y son las siguientes:\u00a0\u00bfQu\u00e9 haces que no te ha pedido Dios que hagas?\u00a0\u00bfQu\u00e9 te ha pedido Dios que no has hecho?\u00a0\u00bfQue te ha pedido de Dios que necesitas seguir haciendo con perseverancia?<\/div>\n<div><\/div>\n<div>Como ven tendremos un buen estudio el mi\u00e9rcoles.<\/div>\n<p><\/p>\n<div>Por favor sigan orando por Raulito, por Rachel, Tyler y Jorge.<\/div>\n<p><\/p>\n<div>Dios ay\u00fadanos a seguir la gu\u00eda de tu Esp\u00edritu Santo y no la nuestra.<\/div>\n<p><\/p>\n<div>Que tengan una linda semana;<\/div>\n<p><\/p>\n<div>Jackie C.<\/div>\n<div><\/div>\n<p><a href=\"http:\/\/damas.laiglesiadelacomunidad.com\/wp-content\/uploads\/2014\/03\/20140302-224417.jpg\"><img decoding=\"async\" class=\"alignnone size-full\" alt=\"20140302-224417.jpg\" src=\"http:\/\/damas.laiglesiadelacomunidad.com\/wp-content\/uploads\/2014\/03\/20140302-224417.jpg\" \/><\/a><\/p>\n<p><a href=\"http:\/\/damas.laiglesiadelacomunidad.com\/wp-content\/uploads\/2014\/03\/20140302-224436.jpg\"><img decoding=\"async\" class=\"alignnone size-full\" alt=\"20140302-224436.jpg\" src=\"http:\/\/damas.laiglesiadelacomunidad.com\/wp-content\/uploads\/2014\/03\/20140302-224436.jpg\" \/><\/a><\/p>\n<p><a href=\"http:\/\/damas.laiglesiadelacomunidad.com\/wp-content\/uploads\/2014\/03\/20140302-224453.jpg\"><img decoding=\"async\" class=\"alignnone size-full\" alt=\"20140302-224453.jpg\" src=\"http:\/\/damas.laiglesiadelacomunidad.com\/wp-content\/uploads\/2014\/03\/20140302-224453.jpg\" \/><\/a><\/p>\n<p><a href=\"http:\/\/damas.laiglesiadelacomunidad.com\/wp-content\/uploads\/2014\/03\/20140302-224504.jpg\"><img decoding=\"async\" class=\"alignnone size-full\" alt=\"20140302-224504.jpg\" src=\"http:\/\/damas.laiglesiadelacomunidad.com\/wp-content\/uploads\/2014\/03\/20140302-224504.jpg\" \/><\/a><\/p>\n","protected":false},"excerpt":{"rendered":"<p>Gracias a Dios por la noche de hoy, gracias a todas las personas que vinieron a pesar de las bajas temperaturas. Hoy empezamos la nueva serie de la Carta del apostol Pablo a los G\u00e1latas. El mensaje de hoy fue muy interesante y no voy a usar mis propias palabras si no las palabras que &hellip; <a href=\"http:\/\/damas.laiglesiadelacomunidad.com\/?p=2798\" class=\"more-link\">Continue reading <span class=\"screen-reader-text\">Reuni\u00f3n 2 de Marzo 2014<\/span> <span class=\"meta-nav\">&rarr;<\/span><\/a><\/p>\n","protected":false},"author":2,"featured_media":0,"comment_status":"open","ping_status":"open","sticky":false,"template":"","format":"standard","meta":{"footnotes":""},"categories":[7],"tags":[],"_links":{"self":[{"href":"http:\/\/damas.laiglesiadelacomunidad.com\/index.php?rest_route=\/wp\/v2\/posts\/2798"}],"collection":[{"href":"http:\/\/damas.laiglesiadelacomunidad.com\/index.php?rest_route=\/wp\/v2\/posts"}],"about":[{"href":"http:\/\/damas.laiglesiadelacomunidad.com\/index.php?rest_route=\/wp\/v2\/types\/post"}],"author":[{"embeddable":true,"href":"http:\/\/damas.laiglesiadelacomunidad.com\/index.php?rest_route=\/wp\/v2\/users\/2"}],"replies":[{"embeddable":true,"href":"http:\/\/damas.laiglesiadelacomunidad.com\/index.php?rest_route=%2Fwp%2Fv2%2Fcomments&post=2798"}],"version-history":[{"count":9,"href":"http:\/\/damas.laiglesiadelacomunidad.com\/index.php?rest_route=\/wp\/v2\/posts\/2798\/revisions"}],"predecessor-version":[{"id":2816,"href":"http:\/\/damas.laiglesiadelacomunidad.com\/index.php?rest_route=\/wp\/v2\/posts\/2798\/revisions\/2816"}],"wp:attachment":[{"href":"http:\/\/damas.laiglesiadelacomunidad.com\/index.php?rest_route=%2Fwp%2Fv2%2Fmedia&parent=2798"}],"wp:term":[{"taxonomy":"category","embeddable":true,"href":"http:\/\/damas.laiglesiadelacomunidad.com\/index.php?rest_route=%2Fwp%2Fv2%2Fcategories&post=2798"},{"taxonomy":"post_tag","embeddable":true,"href":"http:\/\/damas.laiglesiadelacomunidad.com\/index.php?rest_route=%2Fwp%2Fv2%2Ftags&post=2798"}],"curies":[{"name":"wp","href":"https:\/\/api.w.org\/{rel}","templated":true}]}}