{"id":2787,"date":"2014-03-01T20:06:22","date_gmt":"2014-03-02T02:06:22","guid":{"rendered":"http:\/\/damas.laiglesiadelacomunidad.com\/?p=2787"},"modified":"2014-03-15T23:03:58","modified_gmt":"2014-03-16T04:03:58","slug":"reunion-de-muchachos","status":"publish","type":"post","link":"http:\/\/damas.laiglesiadelacomunidad.com\/?p=2787","title":{"rendered":"Reuni\u00f3n de muchachos"},"content":{"rendered":"<p>Gracias a todos por el sacrificio que hicieron de venir en \u00e9ste clima, especialmente gracias a las mam\u00e1s que trajeron a sus hijos, la pasamos bien \ud83d\ude42<\/p>\n<p>&nbsp;<\/p>\n<p><a href=\"http:\/\/damas.laiglesiadelacomunidad.com\/wp-content\/uploads\/2014\/03\/20140301-200446.jpg\"><img decoding=\"async\" class=\"alignnone size-full\" alt=\"20140301-200446.jpg\" src=\"http:\/\/damas.laiglesiadelacomunidad.com\/wp-content\/uploads\/2014\/03\/20140301-200446.jpg\" \/><\/a><\/p>\n<p><a href=\"http:\/\/damas.laiglesiadelacomunidad.com\/wp-content\/uploads\/2014\/03\/20140301-200458.jpg\"><img decoding=\"async\" class=\"alignnone size-full\" alt=\"20140301-200458.jpg\" src=\"http:\/\/damas.laiglesiadelacomunidad.com\/wp-content\/uploads\/2014\/03\/20140301-200458.jpg\" \/><\/a><\/p>\n<p><a href=\"http:\/\/damas.laiglesiadelacomunidad.com\/wp-content\/uploads\/2014\/03\/20140301-200515.jpg\"><img decoding=\"async\" class=\"alignnone size-full\" alt=\"20140301-200515.jpg\" src=\"http:\/\/damas.laiglesiadelacomunidad.com\/wp-content\/uploads\/2014\/03\/20140301-200515.jpg\" \/><\/a><\/p>\n<p><a href=\"http:\/\/damas.laiglesiadelacomunidad.com\/wp-content\/uploads\/2014\/03\/20140301-200529.jpg\"><img decoding=\"async\" class=\"alignnone size-full\" alt=\"20140301-200529.jpg\" src=\"http:\/\/damas.laiglesiadelacomunidad.com\/wp-content\/uploads\/2014\/03\/20140301-200529.jpg\" \/><\/a><\/p>\n","protected":false},"excerpt":{"rendered":"<p>Gracias a todos por el sacrificio que hicieron de venir en \u00e9ste clima, especialmente gracias a las mam\u00e1s que trajeron a sus hijos, la pasamos bien \ud83d\ude42 &nbsp;<\/p>\n","protected":false},"author":2,"featured_media":0,"comment_status":"open","ping_status":"open","sticky":false,"template":"","format":"standard","meta":{"footnotes":""},"categories":[1],"tags":[],"_links":{"self":[{"href":"http:\/\/damas.laiglesiadelacomunidad.com\/index.php?rest_route=\/wp\/v2\/posts\/2787"}],"collection":[{"href":"http:\/\/damas.laiglesiadelacomunidad.com\/index.php?rest_route=\/wp\/v2\/posts"}],"about":[{"href":"http:\/\/damas.laiglesiadelacomunidad.com\/index.php?rest_route=\/wp\/v2\/types\/post"}],"author":[{"embeddable":true,"href":"http:\/\/damas.laiglesiadelacomunidad.com\/index.php?rest_route=\/wp\/v2\/users\/2"}],"replies":[{"embeddable":true,"href":"http:\/\/damas.laiglesiadelacomunidad.com\/index.php?rest_route=%2Fwp%2Fv2%2Fcomments&post=2787"}],"version-history":[{"count":3,"href":"http:\/\/damas.laiglesiadelacomunidad.com\/index.php?rest_route=\/wp\/v2\/posts\/2787\/revisions"}],"predecessor-version":[{"id":2790,"href":"http:\/\/damas.laiglesiadelacomunidad.com\/index.php?rest_route=\/wp\/v2\/posts\/2787\/revisions\/2790"}],"wp:attachment":[{"href":"http:\/\/damas.laiglesiadelacomunidad.com\/index.php?rest_route=%2Fwp%2Fv2%2Fmedia&parent=2787"}],"wp:term":[{"taxonomy":"category","embeddable":true,"href":"http:\/\/damas.laiglesiadelacomunidad.com\/index.php?rest_route=%2Fwp%2Fv2%2Fcategories&post=2787"},{"taxonomy":"post_tag","embeddable":true,"href":"http:\/\/damas.laiglesiadelacomunidad.com\/index.php?rest_route=%2Fwp%2Fv2%2Ftags&post=2787"}],"curies":[{"name":"wp","href":"https:\/\/api.w.org\/{rel}","templated":true}]}}