{"id":2763,"date":"2014-02-28T09:08:27","date_gmt":"2014-02-28T15:08:27","guid":{"rendered":"http:\/\/damas.laiglesiadelacomunidad.com\/?p=2763"},"modified":"2014-02-28T09:08:59","modified_gmt":"2014-02-28T15:08:59","slug":"versiculo-para-meditar-60","status":"publish","type":"post","link":"http:\/\/damas.laiglesiadelacomunidad.com\/?p=2763","title":{"rendered":"Vers\u00edculo para Meditar"},"content":{"rendered":"<p>\u201dNo tomar\u00e1s en vano el nombre del Se\u00f1or tu Dios, porque yo, el Se\u00f1or, no considerar\u00e9 inocente al que tome en vano mi nombre.Deuteronomio 5:11<\/p>\n","protected":false},"excerpt":{"rendered":"<p>\u201dNo tomar\u00e1s en vano el nombre del Se\u00f1or tu Dios, porque yo, el Se\u00f1or, no considerar\u00e9 inocente al que tome en vano mi nombre.Deuteronomio 5:11<\/p>\n","protected":false},"author":2,"featured_media":0,"comment_status":"open","ping_status":"open","sticky":false,"template":"","format":"chat","meta":{"footnotes":""},"categories":[5],"tags":[],"_links":{"self":[{"href":"http:\/\/damas.laiglesiadelacomunidad.com\/index.php?rest_route=\/wp\/v2\/posts\/2763"}],"collection":[{"href":"http:\/\/damas.laiglesiadelacomunidad.com\/index.php?rest_route=\/wp\/v2\/posts"}],"about":[{"href":"http:\/\/damas.laiglesiadelacomunidad.com\/index.php?rest_route=\/wp\/v2\/types\/post"}],"author":[{"embeddable":true,"href":"http:\/\/damas.laiglesiadelacomunidad.com\/index.php?rest_route=\/wp\/v2\/users\/2"}],"replies":[{"embeddable":true,"href":"http:\/\/damas.laiglesiadelacomunidad.com\/index.php?rest_route=%2Fwp%2Fv2%2Fcomments&post=2763"}],"version-history":[{"count":1,"href":"http:\/\/damas.laiglesiadelacomunidad.com\/index.php?rest_route=\/wp\/v2\/posts\/2763\/revisions"}],"predecessor-version":[{"id":2764,"href":"http:\/\/damas.laiglesiadelacomunidad.com\/index.php?rest_route=\/wp\/v2\/posts\/2763\/revisions\/2764"}],"wp:attachment":[{"href":"http:\/\/damas.laiglesiadelacomunidad.com\/index.php?rest_route=%2Fwp%2Fv2%2Fmedia&parent=2763"}],"wp:term":[{"taxonomy":"category","embeddable":true,"href":"http:\/\/damas.laiglesiadelacomunidad.com\/index.php?rest_route=%2Fwp%2Fv2%2Fcategories&post=2763"},{"taxonomy":"post_tag","embeddable":true,"href":"http:\/\/damas.laiglesiadelacomunidad.com\/index.php?rest_route=%2Fwp%2Fv2%2Ftags&post=2763"}],"curies":[{"name":"wp","href":"https:\/\/api.w.org\/{rel}","templated":true}]}}