{"id":2533,"date":"2014-02-16T22:35:28","date_gmt":"2014-02-17T04:35:28","guid":{"rendered":"http:\/\/damas.laiglesiadelacomunidad.com\/?p=2533"},"modified":"2014-02-16T23:58:41","modified_gmt":"2014-02-17T05:58:41","slug":"reunion-16-de-feb-2014","status":"publish","type":"post","link":"http:\/\/damas.laiglesiadelacomunidad.com\/?p=2533","title":{"rendered":"Reuni\u00f3n 16 de Feb. 2014"},"content":{"rendered":"<p>Gracias a Dios por tan linda noche, cuanta visita, cuanta gente Dios ha traido en \u00e9ste a\u00f1o, \u00a1que gran bendici\u00f3n! \u00a0Aprovecho para desearle a Mich V. un feliz cumplea\u00f1os, te queremos mucho \ud83d\ude42 .<\/p>\n<p>Hoy fue el \u00faltimos mensaje de Contemplar a Cristo, el tema de hoy fue<strong> &#8220;NO nos gusta que nadie nos juzgue&#8221;\u00a0<\/strong>y la Idea grande de hoy fue:<strong> &#8220;Jes\u00fas es el juez de toda la creaci\u00f3n&#8221;<\/strong>.<\/p>\n<p>Me imagino que todas m\u00e1s de alguna vez hemos dicho la frase famosa &#8220;Solo Dios me puede juzgar&#8221; y lo decimos a la ligera sin saber lo que verdaderamente significa, y la verdad es que Jes\u00fas es el que nos vendra a juzgar y el juicio de \u00e9l ser\u00e1 justo, como dijo Felipe sin preferencias, y lo har\u00e1 de dos formas, un Juicio para la gente que no lo recibi\u00f3 como su Se\u00f1or y Salvador, los cuales seg\u00fan dice la Biblia merecen la muerte y otro juicio para sus seguidores y aqu\u00ed tenemos que tener cuidado porque \u00e9l nos juzgara de acuerdo a nuestras obras, de acuerdo a nuestra entrega, no por lo que decir palabras bonitas, sino por lo que hacemos, y de acuerdo a la importancia que le damos a su \u00a0Reino y al evangelio. Y all\u00ed es donde yo digo mejor que me juzgue un ser humano que entrar en el juicio de Dios, porque como decimos algunas y tambi\u00e9n lo dice la Biblia a Dios no lo podemos enga\u00f1ar, sabiendo \u00a0y a\u00fan sin saber lo que dice la Biblia no tenemos excusa.<\/p>\n<p><span style=\"color: #800000;\"><strong>Porque no hay nada oculto que no llegue a manifestarse, ni hay nada escondido que no salga a la luz<\/strong><\/span>. Marcos 4:22<\/p>\n<p><strong>Dios, que ha pasado por alto esos tiempos de ignorancia, ahora quiere que todos, en todas partes, se arrepientan.<\/strong> Hechos 17:30<\/p>\n<div><span style=\"color: #800000;\"><strong>\u00abSi alguno viene a m\u00ed, y no renuncia a su padre y a su madre, ni a su mujer y sus hijos, ni a sus hermanos y hermanas, y ni siquiera a su propia vida, no puede ser mi disc\u00edpulo.\u00a0Y el que no toma su cruz y me sigue, no puede ser mi disc\u00edpulo.<\/strong><\/span> Lucas 14:26-27<\/div>\n<div><\/div>\n<div><span style=\"color: #800000;\"><strong>El hombre bueno saca cosas buenas del buen tesoro de su coraz\u00f3n; el hombre malo saca cosas malas de su mal tesoro.\u00a0Pero yo les digo que, en el d\u00eda del juicio, cada uno de ustedes dar\u00e1 cuenta de cada palabra ociosa que haya pronunciado.\u00a0Porque por tus palabras ser\u00e1s reivindicado, y por tus palabras ser\u00e1s condenado.\u00bb<\/strong><\/span> Mateo 12:35-36<\/div>\n<div><\/div>\n<div>\n<div><span style=\"color: #800000;\"><strong>Bienaventurados los que lavan sus ropas, para tener derecho al \u00e1rbol de la vida\u00a0y para entrar por las puertas en la ciudad.\u00a0Pero afuera se quedar\u00e1n los pervertidos, los hechiceros, los que han ca\u00eddo en la inmoralidad sexual, los homicidas, los id\u00f3latras, y todo aquel que ama y practica la mentira<\/strong><\/span>. Apocalipsis 22:14-15<\/div>\n<div><\/div>\n<div>\n<div>Tambi\u00e9n les dijo:<span style=\"color: #800000;\"><strong> \u00abF\u00edjense bien en lo que oyen, porque con la medida con que ustedes midan a otros, ser\u00e1n medidos,\u00a0y hasta m\u00e1s se les a\u00f1adir\u00e1.\u00a0Porque al que tiene, se le dar\u00e1; y al que no tiene, hasta lo poco que tiene se le arrebatar\u00e1.\u00bb<\/strong><\/span> Marcos 4:24-25<\/div>\n<div><\/div>\n<div>\n<div><strong>Si con toda intenci\u00f3n pecamos despu\u00e9s de haber recibido el conocimiento de la verdad, ya no queda m\u00e1s sacrificio por los pecados\u00a0sino una terrible expectativa del juicio y del fuego ardiente que devorar\u00e1 a los enemigos de Dios.\u00a0Cualquiera que desobedece la ley de Mois\u00e9s, muere sin falta, siempre y cuando haya dos o tres testigos que declaren en su contra.\u00a0\u00bfY qu\u00e9 mayor castigo piensan ustedes que merece el que pisotea al Hijo de Dios y considera impura la sangre del pacto,\u00a0en la cual fue santificado, e insulta al Esp\u00edritu de la gracia?\u00a0Bien sabemos que el Se\u00f1or ha dicho: \u00abM\u00eda es la venganza, yo pagar\u00e9\u00bb,\u00a0y tambi\u00e9n: \u00abEl Se\u00f1or juzgar\u00e1 a su pueblo\u00bb.\u00a0\u00a1Horrenda cosa es caer en las manos del Dios vivo!<\/strong> Hebreos 10:26-31<\/div>\n<div><\/div>\n<div>Tenemos un Juez &#8220;Jesucristo&#8221; y a este gran juez rendiremos cuentas, \u00bfQu\u00e9 clase de cuentas le daremos?, eso dependera de nosotras. Tenemos que darle al Reino de Dios la importancia que merece.<\/div>\n<div><\/div>\n<div>Que Dios nos ayude a hacer el trabajo que nos tiene preparado de antemano.<\/div>\n<div><\/div>\n<div>Nos vemos el mi\u00e9rcoles a las 6pm para el estudio e inmediatamente despu\u00e9s celebraremos el d\u00eda de la amistad \ud83d\ude42<\/div>\n<div><\/div>\n<div>Pasen una linda semana.<\/div>\n<div><\/div>\n<div>Jackie C.<\/div>\n<div><\/div>\n<div><\/div>\n<\/div>\n<\/div>\n<\/div>\n<div><\/div>\n<div><\/div>\n<p>&nbsp;<\/p>\n<p><a href=\"http:\/\/damas.laiglesiadelacomunidad.com\/wp-content\/uploads\/2014\/02\/20140216-231028.jpg\"><img decoding=\"async\" class=\"alignnone size-full\" alt=\"20140216-231028.jpg\" src=\"http:\/\/damas.laiglesiadelacomunidad.com\/wp-content\/uploads\/2014\/02\/20140216-231028.jpg\" \/><\/a><\/p>\n<p><a href=\"http:\/\/damas.laiglesiadelacomunidad.com\/wp-content\/uploads\/2014\/02\/20140216-231046.jpg\"><img decoding=\"async\" class=\"alignnone size-full\" alt=\"20140216-231046.jpg\" src=\"http:\/\/damas.laiglesiadelacomunidad.com\/wp-content\/uploads\/2014\/02\/20140216-231046.jpg\" \/><\/a><\/p>\n<p><a href=\"http:\/\/damas.laiglesiadelacomunidad.com\/wp-content\/uploads\/2014\/02\/20140216-231148.jpg\"><img decoding=\"async\" class=\"alignnone size-full\" alt=\"20140216-231148.jpg\" src=\"http:\/\/damas.laiglesiadelacomunidad.com\/wp-content\/uploads\/2014\/02\/20140216-231148.jpg\" \/><\/a><\/p>\n<p><a href=\"http:\/\/damas.laiglesiadelacomunidad.com\/wp-content\/uploads\/2014\/02\/20140216-231226.jpg\"><img decoding=\"async\" class=\"alignnone size-full\" alt=\"20140216-231226.jpg\" src=\"http:\/\/damas.laiglesiadelacomunidad.com\/wp-content\/uploads\/2014\/02\/20140216-231226.jpg\" \/><\/a><\/p>\n","protected":false},"excerpt":{"rendered":"<p>Gracias a Dios por tan linda noche, cuanta visita, cuanta gente Dios ha traido en \u00e9ste a\u00f1o, \u00a1que gran bendici\u00f3n! \u00a0Aprovecho para desearle a Mich V. un feliz cumplea\u00f1os, te queremos mucho \ud83d\ude42 . Hoy fue el \u00faltimos mensaje de Contemplar a Cristo, el tema de hoy fue &#8220;NO nos gusta que nadie nos juzgue&#8221;\u00a0y &hellip; <a href=\"http:\/\/damas.laiglesiadelacomunidad.com\/?p=2533\" class=\"more-link\">Continue reading <span class=\"screen-reader-text\">Reuni\u00f3n 16 de Feb. 2014<\/span> <span class=\"meta-nav\">&rarr;<\/span><\/a><\/p>\n","protected":false},"author":2,"featured_media":0,"comment_status":"open","ping_status":"open","sticky":false,"template":"","format":"gallery","meta":{"footnotes":""},"categories":[7],"tags":[],"_links":{"self":[{"href":"http:\/\/damas.laiglesiadelacomunidad.com\/index.php?rest_route=\/wp\/v2\/posts\/2533"}],"collection":[{"href":"http:\/\/damas.laiglesiadelacomunidad.com\/index.php?rest_route=\/wp\/v2\/posts"}],"about":[{"href":"http:\/\/damas.laiglesiadelacomunidad.com\/index.php?rest_route=\/wp\/v2\/types\/post"}],"author":[{"embeddable":true,"href":"http:\/\/damas.laiglesiadelacomunidad.com\/index.php?rest_route=\/wp\/v2\/users\/2"}],"replies":[{"embeddable":true,"href":"http:\/\/damas.laiglesiadelacomunidad.com\/index.php?rest_route=%2Fwp%2Fv2%2Fcomments&post=2533"}],"version-history":[{"count":13,"href":"http:\/\/damas.laiglesiadelacomunidad.com\/index.php?rest_route=\/wp\/v2\/posts\/2533\/revisions"}],"predecessor-version":[{"id":2536,"href":"http:\/\/damas.laiglesiadelacomunidad.com\/index.php?rest_route=\/wp\/v2\/posts\/2533\/revisions\/2536"}],"wp:attachment":[{"href":"http:\/\/damas.laiglesiadelacomunidad.com\/index.php?rest_route=%2Fwp%2Fv2%2Fmedia&parent=2533"}],"wp:term":[{"taxonomy":"category","embeddable":true,"href":"http:\/\/damas.laiglesiadelacomunidad.com\/index.php?rest_route=%2Fwp%2Fv2%2Fcategories&post=2533"},{"taxonomy":"post_tag","embeddable":true,"href":"http:\/\/damas.laiglesiadelacomunidad.com\/index.php?rest_route=%2Fwp%2Fv2%2Ftags&post=2533"}],"curies":[{"name":"wp","href":"https:\/\/api.w.org\/{rel}","templated":true}]}}