{"id":1733,"date":"2013-09-28T10:41:08","date_gmt":"2013-09-28T15:41:08","guid":{"rendered":"http:\/\/damas.laiglesiadelacomunidad.com\/?p=1733"},"modified":"2013-09-28T10:41:08","modified_gmt":"2013-09-28T15:41:08","slug":"versiculo-para-meditar-15","status":"publish","type":"post","link":"http:\/\/damas.laiglesiadelacomunidad.com\/?p=1733","title":{"rendered":"Vers\u00edculo para meditar"},"content":{"rendered":"<p>Hermanos, ustedes han sido llamados a la libertad, s\u00f3lo que no usen la libertad como pretexto para pecar; m\u00e1s bien, s\u00edrvanse los unos a los otros por amor. Porque toda la ley se cumple en esta sola palabra: \u00abAmar\u00e1s a tu pr\u00f3jimo como a ti mismo.\u00bb Pero si ustedes se muerden y se devoran los unos a los otros, tengan cuidado de no consumirse tambi\u00e9n los unos a los otros. (G\u00e1latas 5:13-15 RVC)<\/p>\n","protected":false},"excerpt":{"rendered":"<p>Hermanos, ustedes han sido llamados a la libertad, s\u00f3lo que no usen la libertad como pretexto para pecar; m\u00e1s bien, s\u00edrvanse los unos a los otros por amor. Porque toda la ley se cumple en esta sola palabra: \u00abAmar\u00e1s a tu pr\u00f3jimo como a ti mismo.\u00bb Pero si ustedes se muerden y se devoran los &hellip; <a href=\"http:\/\/damas.laiglesiadelacomunidad.com\/?p=1733\" class=\"more-link\">Continue reading <span class=\"screen-reader-text\">Vers\u00edculo para meditar<\/span> <span class=\"meta-nav\">&rarr;<\/span><\/a><\/p>\n","protected":false},"author":2,"featured_media":0,"comment_status":"open","ping_status":"open","sticky":false,"template":"","format":"link","meta":{"footnotes":""},"categories":[5],"tags":[],"_links":{"self":[{"href":"http:\/\/damas.laiglesiadelacomunidad.com\/index.php?rest_route=\/wp\/v2\/posts\/1733"}],"collection":[{"href":"http:\/\/damas.laiglesiadelacomunidad.com\/index.php?rest_route=\/wp\/v2\/posts"}],"about":[{"href":"http:\/\/damas.laiglesiadelacomunidad.com\/index.php?rest_route=\/wp\/v2\/types\/post"}],"author":[{"embeddable":true,"href":"http:\/\/damas.laiglesiadelacomunidad.com\/index.php?rest_route=\/wp\/v2\/users\/2"}],"replies":[{"embeddable":true,"href":"http:\/\/damas.laiglesiadelacomunidad.com\/index.php?rest_route=%2Fwp%2Fv2%2Fcomments&post=1733"}],"version-history":[{"count":1,"href":"http:\/\/damas.laiglesiadelacomunidad.com\/index.php?rest_route=\/wp\/v2\/posts\/1733\/revisions"}],"predecessor-version":[{"id":1734,"href":"http:\/\/damas.laiglesiadelacomunidad.com\/index.php?rest_route=\/wp\/v2\/posts\/1733\/revisions\/1734"}],"wp:attachment":[{"href":"http:\/\/damas.laiglesiadelacomunidad.com\/index.php?rest_route=%2Fwp%2Fv2%2Fmedia&parent=1733"}],"wp:term":[{"taxonomy":"category","embeddable":true,"href":"http:\/\/damas.laiglesiadelacomunidad.com\/index.php?rest_route=%2Fwp%2Fv2%2Fcategories&post=1733"},{"taxonomy":"post_tag","embeddable":true,"href":"http:\/\/damas.laiglesiadelacomunidad.com\/index.php?rest_route=%2Fwp%2Fv2%2Ftags&post=1733"}],"curies":[{"name":"wp","href":"https:\/\/api.w.org\/{rel}","templated":true}]}}