{"id":1731,"date":"2013-09-27T14:51:47","date_gmt":"2013-09-27T19:51:47","guid":{"rendered":"http:\/\/damas.laiglesiadelacomunidad.com\/?p=1731"},"modified":"2014-02-28T11:00:42","modified_gmt":"2014-02-28T17:00:42","slug":"versiculo-de-luchador-orgullo-4","status":"publish","type":"post","link":"http:\/\/damas.laiglesiadelacomunidad.com\/?p=1731","title":{"rendered":"Vers\u00edculo de luchador (orgullo)"},"content":{"rendered":"<p>As\u00ed es el orgulloso: En \u00e9l, su alma no es recta, Mas el justo por su fe vivir\u00e1.<\/p>\n<p>http:\/\/bible.com\/103\/hab.2.4.nblh<\/p>\n","protected":false},"excerpt":{"rendered":"<p>As\u00ed es el orgulloso: En \u00e9l, su alma no es recta, Mas el justo por su fe vivir\u00e1. http:\/\/bible.com\/103\/hab.2.4.nblh<\/p>\n","protected":false},"author":2,"featured_media":0,"comment_status":"open","ping_status":"open","sticky":false,"template":"","format":"quote","meta":{"footnotes":""},"categories":[5],"tags":[],"_links":{"self":[{"href":"http:\/\/damas.laiglesiadelacomunidad.com\/index.php?rest_route=\/wp\/v2\/posts\/1731"}],"collection":[{"href":"http:\/\/damas.laiglesiadelacomunidad.com\/index.php?rest_route=\/wp\/v2\/posts"}],"about":[{"href":"http:\/\/damas.laiglesiadelacomunidad.com\/index.php?rest_route=\/wp\/v2\/types\/post"}],"author":[{"embeddable":true,"href":"http:\/\/damas.laiglesiadelacomunidad.com\/index.php?rest_route=\/wp\/v2\/users\/2"}],"replies":[{"embeddable":true,"href":"http:\/\/damas.laiglesiadelacomunidad.com\/index.php?rest_route=%2Fwp%2Fv2%2Fcomments&post=1731"}],"version-history":[{"count":1,"href":"http:\/\/damas.laiglesiadelacomunidad.com\/index.php?rest_route=\/wp\/v2\/posts\/1731\/revisions"}],"predecessor-version":[{"id":1732,"href":"http:\/\/damas.laiglesiadelacomunidad.com\/index.php?rest_route=\/wp\/v2\/posts\/1731\/revisions\/1732"}],"wp:attachment":[{"href":"http:\/\/damas.laiglesiadelacomunidad.com\/index.php?rest_route=%2Fwp%2Fv2%2Fmedia&parent=1731"}],"wp:term":[{"taxonomy":"category","embeddable":true,"href":"http:\/\/damas.laiglesiadelacomunidad.com\/index.php?rest_route=%2Fwp%2Fv2%2Fcategories&post=1731"},{"taxonomy":"post_tag","embeddable":true,"href":"http:\/\/damas.laiglesiadelacomunidad.com\/index.php?rest_route=%2Fwp%2Fv2%2Ftags&post=1731"}],"curies":[{"name":"wp","href":"https:\/\/api.w.org\/{rel}","templated":true}]}}