{"id":1729,"date":"2013-09-26T15:47:02","date_gmt":"2013-09-26T20:47:02","guid":{"rendered":"http:\/\/damas.laiglesiadelacomunidad.com\/?p=1729"},"modified":"2014-03-10T00:52:31","modified_gmt":"2014-03-10T05:52:31","slug":"versiculo-de-animo","status":"publish","type":"post","link":"http:\/\/damas.laiglesiadelacomunidad.com\/?p=1729","title":{"rendered":"Vers\u00edculo de \u00c1nimo"},"content":{"rendered":"<p>Pero Dios me apart\u00f3 desde el vientre de mi madre y me llam\u00f3 por su gracia, y cuando a \u00e9l le agrad\u00f3 (G\u00e1latas 1:15 RVC)<br \/>\nIncre\u00edble saber que esto mismo hizo y har\u00e1 con cada una de nosotras<\/p>\n","protected":false},"excerpt":{"rendered":"<p>Pero Dios me apart\u00f3 desde el vientre de mi madre y me llam\u00f3 por su gracia, y cuando a \u00e9l le agrad\u00f3 (G\u00e1latas 1:15 RVC) Incre\u00edble saber que esto mismo hizo y har\u00e1 con cada una de nosotras<\/p>\n","protected":false},"author":2,"featured_media":0,"comment_status":"open","ping_status":"open","sticky":false,"template":"","format":"standard","meta":{"footnotes":""},"categories":[5],"tags":[],"_links":{"self":[{"href":"http:\/\/damas.laiglesiadelacomunidad.com\/index.php?rest_route=\/wp\/v2\/posts\/1729"}],"collection":[{"href":"http:\/\/damas.laiglesiadelacomunidad.com\/index.php?rest_route=\/wp\/v2\/posts"}],"about":[{"href":"http:\/\/damas.laiglesiadelacomunidad.com\/index.php?rest_route=\/wp\/v2\/types\/post"}],"author":[{"embeddable":true,"href":"http:\/\/damas.laiglesiadelacomunidad.com\/index.php?rest_route=\/wp\/v2\/users\/2"}],"replies":[{"embeddable":true,"href":"http:\/\/damas.laiglesiadelacomunidad.com\/index.php?rest_route=%2Fwp%2Fv2%2Fcomments&post=1729"}],"version-history":[{"count":1,"href":"http:\/\/damas.laiglesiadelacomunidad.com\/index.php?rest_route=\/wp\/v2\/posts\/1729\/revisions"}],"predecessor-version":[{"id":1730,"href":"http:\/\/damas.laiglesiadelacomunidad.com\/index.php?rest_route=\/wp\/v2\/posts\/1729\/revisions\/1730"}],"wp:attachment":[{"href":"http:\/\/damas.laiglesiadelacomunidad.com\/index.php?rest_route=%2Fwp%2Fv2%2Fmedia&parent=1729"}],"wp:term":[{"taxonomy":"category","embeddable":true,"href":"http:\/\/damas.laiglesiadelacomunidad.com\/index.php?rest_route=%2Fwp%2Fv2%2Fcategories&post=1729"},{"taxonomy":"post_tag","embeddable":true,"href":"http:\/\/damas.laiglesiadelacomunidad.com\/index.php?rest_route=%2Fwp%2Fv2%2Ftags&post=1729"}],"curies":[{"name":"wp","href":"https:\/\/api.w.org\/{rel}","templated":true}]}}