{"id":1716,"date":"2013-09-25T10:03:09","date_gmt":"2013-09-25T15:03:09","guid":{"rendered":"http:\/\/damas.laiglesiadelacomunidad.com\/?p=1716"},"modified":"2013-09-25T10:03:09","modified_gmt":"2013-09-25T15:03:09","slug":"versiculo-para-meditar-14","status":"publish","type":"post","link":"http:\/\/damas.laiglesiadelacomunidad.com\/?p=1716","title":{"rendered":"Vers\u00edculo para meditar"},"content":{"rendered":"<p>Pero con Cristo estoy juntamente crucificado, y ya no vivo yo, sino que Cristo vive en m\u00ed; y lo que ahora vivo en la carne, lo vivo en la fe del Hijo de Dios, el cual me am\u00f3 y se entreg\u00f3 a s\u00ed mismo por m\u00ed. No desecho la gracia de Dios; pues si la justicia dependiera de la ley, entonces por dem\u00e1s habr\u00eda muerto Cristo. (G\u00e1latas 2:20, 21 RVC)<\/p>\n","protected":false},"excerpt":{"rendered":"<p>Pero con Cristo estoy juntamente crucificado, y ya no vivo yo, sino que Cristo vive en m\u00ed; y lo que ahora vivo en la carne, lo vivo en la fe del Hijo de Dios, el cual me am\u00f3 y se entreg\u00f3 a s\u00ed mismo por m\u00ed. No desecho la gracia de Dios; pues si la &hellip; <a href=\"http:\/\/damas.laiglesiadelacomunidad.com\/?p=1716\" class=\"more-link\">Continue reading <span class=\"screen-reader-text\">Vers\u00edculo para meditar<\/span> <span class=\"meta-nav\">&rarr;<\/span><\/a><\/p>\n","protected":false},"author":2,"featured_media":0,"comment_status":"open","ping_status":"open","sticky":false,"template":"","format":"gallery","meta":{"footnotes":""},"categories":[5],"tags":[],"_links":{"self":[{"href":"http:\/\/damas.laiglesiadelacomunidad.com\/index.php?rest_route=\/wp\/v2\/posts\/1716"}],"collection":[{"href":"http:\/\/damas.laiglesiadelacomunidad.com\/index.php?rest_route=\/wp\/v2\/posts"}],"about":[{"href":"http:\/\/damas.laiglesiadelacomunidad.com\/index.php?rest_route=\/wp\/v2\/types\/post"}],"author":[{"embeddable":true,"href":"http:\/\/damas.laiglesiadelacomunidad.com\/index.php?rest_route=\/wp\/v2\/users\/2"}],"replies":[{"embeddable":true,"href":"http:\/\/damas.laiglesiadelacomunidad.com\/index.php?rest_route=%2Fwp%2Fv2%2Fcomments&post=1716"}],"version-history":[{"count":1,"href":"http:\/\/damas.laiglesiadelacomunidad.com\/index.php?rest_route=\/wp\/v2\/posts\/1716\/revisions"}],"predecessor-version":[{"id":1717,"href":"http:\/\/damas.laiglesiadelacomunidad.com\/index.php?rest_route=\/wp\/v2\/posts\/1716\/revisions\/1717"}],"wp:attachment":[{"href":"http:\/\/damas.laiglesiadelacomunidad.com\/index.php?rest_route=%2Fwp%2Fv2%2Fmedia&parent=1716"}],"wp:term":[{"taxonomy":"category","embeddable":true,"href":"http:\/\/damas.laiglesiadelacomunidad.com\/index.php?rest_route=%2Fwp%2Fv2%2Fcategories&post=1716"},{"taxonomy":"post_tag","embeddable":true,"href":"http:\/\/damas.laiglesiadelacomunidad.com\/index.php?rest_route=%2Fwp%2Fv2%2Ftags&post=1716"}],"curies":[{"name":"wp","href":"https:\/\/api.w.org\/{rel}","templated":true}]}}