{"id":1713,"date":"2013-09-23T23:09:47","date_gmt":"2013-09-24T04:09:47","guid":{"rendered":"http:\/\/damas.laiglesiadelacomunidad.com\/?p=1713"},"modified":"2014-03-15T23:12:07","modified_gmt":"2014-03-16T04:12:07","slug":"anuncios","status":"publish","type":"post","link":"http:\/\/damas.laiglesiadelacomunidad.com\/?p=1713","title":{"rendered":"Anuncios"},"content":{"rendered":"<p>Mi\u00e9rcoles 25 de Sept. Reuni\u00f3n de damas en el apartamento de Jackie M. a las 6 pm(ayudaremos en mudar de casa)<\/p>\n<p>S\u00e1bado 28 de Sept. grupo de Hombres a las 11 am(terminaran la mudanza si Dios quiere, por favor an\u00edmen a sus esposos a participar)<\/p>\n<p>Domingo 29 de Sept. reuni\u00f3n de toda la iglesia a las 6:15, estrenaremos nueva canci\u00f3n <a href=\" http:\/\/www.youtube.com\/watch?v=NqoaQDwRibg \">&#8220;GRACIAS&#8221;<\/a>\u00a0por favor cantantes aprendanla de memoria, para poder dirigir a la congregaci\u00f3n en adoraci\u00f3n como Jes\u00fas lo merece, con todo nuestro coraz\u00f3n.<\/p>\n<p>Closet de la Comunidad \u00e9ste domingo 29 de Sept. inviten a sus familiares y amistades etc.<\/p>\n<p>&nbsp;<\/p>\n","protected":false},"excerpt":{"rendered":"<p>Mi\u00e9rcoles 25 de Sept. Reuni\u00f3n de damas en el apartamento de Jackie M. a las 6 pm(ayudaremos en mudar de casa) S\u00e1bado 28 de Sept. grupo de Hombres a las 11 am(terminaran la mudanza si Dios quiere, por favor an\u00edmen a sus esposos a participar) Domingo 29 de Sept. reuni\u00f3n de toda la iglesia a &hellip; <a href=\"http:\/\/damas.laiglesiadelacomunidad.com\/?p=1713\" class=\"more-link\">Continue reading <span class=\"screen-reader-text\">Anuncios<\/span> <span class=\"meta-nav\">&rarr;<\/span><\/a><\/p>\n","protected":false},"author":2,"featured_media":0,"comment_status":"open","ping_status":"open","sticky":false,"template":"","format":"standard","meta":{"footnotes":""},"categories":[1],"tags":[],"_links":{"self":[{"href":"http:\/\/damas.laiglesiadelacomunidad.com\/index.php?rest_route=\/wp\/v2\/posts\/1713"}],"collection":[{"href":"http:\/\/damas.laiglesiadelacomunidad.com\/index.php?rest_route=\/wp\/v2\/posts"}],"about":[{"href":"http:\/\/damas.laiglesiadelacomunidad.com\/index.php?rest_route=\/wp\/v2\/types\/post"}],"author":[{"embeddable":true,"href":"http:\/\/damas.laiglesiadelacomunidad.com\/index.php?rest_route=\/wp\/v2\/users\/2"}],"replies":[{"embeddable":true,"href":"http:\/\/damas.laiglesiadelacomunidad.com\/index.php?rest_route=%2Fwp%2Fv2%2Fcomments&post=1713"}],"version-history":[{"count":1,"href":"http:\/\/damas.laiglesiadelacomunidad.com\/index.php?rest_route=\/wp\/v2\/posts\/1713\/revisions"}],"predecessor-version":[{"id":1714,"href":"http:\/\/damas.laiglesiadelacomunidad.com\/index.php?rest_route=\/wp\/v2\/posts\/1713\/revisions\/1714"}],"wp:attachment":[{"href":"http:\/\/damas.laiglesiadelacomunidad.com\/index.php?rest_route=%2Fwp%2Fv2%2Fmedia&parent=1713"}],"wp:term":[{"taxonomy":"category","embeddable":true,"href":"http:\/\/damas.laiglesiadelacomunidad.com\/index.php?rest_route=%2Fwp%2Fv2%2Fcategories&post=1713"},{"taxonomy":"post_tag","embeddable":true,"href":"http:\/\/damas.laiglesiadelacomunidad.com\/index.php?rest_route=%2Fwp%2Fv2%2Ftags&post=1713"}],"curies":[{"name":"wp","href":"https:\/\/api.w.org\/{rel}","templated":true}]}}