{"id":1702,"date":"2013-09-22T23:15:47","date_gmt":"2013-09-23T04:15:47","guid":{"rendered":"http:\/\/damas.laiglesiadelacomunidad.com\/?p=1702"},"modified":"2013-09-23T10:25:17","modified_gmt":"2013-09-23T15:25:17","slug":"reunion-22-de-sept-2013","status":"publish","type":"post","link":"http:\/\/damas.laiglesiadelacomunidad.com\/?p=1702","title":{"rendered":"Reuni\u00f3n 22 de Sept 2013"},"content":{"rendered":"<p>Gracias a Dios por la linda noche de hoy, gracias a todos por colaborar y ayudar a crear un ambiente donde podemos adorar a Dios y escuchar su palabra.<\/p>\n<p>Hoy iniciamos la nueva serie <strong>&#8220;Contemplar a Cristo&#8221;.<\/strong>\u00a0Como todos sabemos Jes\u00fas es el hijo de Dios, la segunda persona de la Santa Trinidad, \u00c9l es que Mesias, el autor y el personaje principal de Evangelio y de toda la Biblia, \u00c9l es nuestro Salvador y \u00a0Redentor. \u00c9l es el hijo \u00fanico de Dios que Muri\u00f3 por nosotros en la cruz para el perd\u00f3n de nuestros pecados.<\/p>\n<p>En \u00e9sta serie Felipe nos va a ense\u00f1ar como la Biblia habla de enfocarnos en el autor de nuestra salvaci\u00f3n, aprenderemos como Contemplar a Cristo, como Dios Padre y Dios Esp\u00edritu Santo lo exaltaban.<\/p>\n<p><strong>Desde los cielos se oy\u00f3 entonces una voz, que dec\u00eda: \u00ab\u00c9ste es mi Hijo amado, en quien me complazco.\u00bb<\/strong> Mateo 3 :17<\/p>\n<p><span style=\"color: #800000;\"><strong>\u00bbPorque de tal manera am\u00f3 Dios al mundo, que ha dado a su Hijo unig\u00e9nito, para que todo aquel que en \u00e9l cree no se pierda, sino que tenga vida eterna.<\/strong><\/span><span style=\"color: #800000;\"><strong>Porque Dios no envi\u00f3 a su Hijo al mundo para condenar al mundo, sino para que el mundo sea salvo por \u00e9l.<\/strong> <\/span>Juan 3:16-17<\/p>\n<p><span style=\"color: #800000;\"><strong>Pero cuando venga el Consolador, el Esp\u00edritu de verdad, el cual procede del Padre y a quien yo les enviar\u00e9 de parte del Padre, \u00e9l dar\u00e1 testimonio acerca de m\u00ed.<\/strong> <span style=\"color: #000000;\">Juan 15:26<\/span><\/span><\/p>\n<p><span style=\"color: #800000;\"><strong>Pero cuando venga el Esp\u00edritu de verdad, \u00e9l los guiar\u00e1 a toda la verdad; porque no hablar\u00e1 por su propia cuenta, sino que hablar\u00e1 todo lo que oiga, y les har\u00e1 saber las cosas que habr\u00e1n de venir.\u00a0\u00c9l me glorificar\u00e1, porque tomar\u00e1 de lo m\u00edo y se lo har\u00e1 saber.\u00a0Todo lo que tiene el Padre es m\u00edo; por eso dije que tomar\u00e1 de lo m\u00edo, y se lo dar\u00e1 a conocer a ustedes.<\/strong> <\/span>Juan 16:13-15<\/p>\n<p><span style=\"color: #000000;\">Esta ser\u00e1 una buenisima serie, las an\u00edmo que no falte y si pierden un domingo pueden visitar el sitio <a href=\"http:\/\/pazcondios.com\/\">www.pazcondios.com <\/a>y all\u00ed estar\u00e1 el mensaje a m\u00e1s tardar a mediado de la semana.<\/span><\/p>\n<p>Por favor sigan orando por Albita, Antonio, mi hermana (Elvia) y por la personas que sufrieron perdidas personales y materiales en M\u00e9xico, Colorado y Centro Am\u00e9rica. Que puedan buscar a Dios y recibir su consuelo.<\/p>\n<p>Dios las cuide y que su Esp\u00edritu nos guie.<\/p>\n<p>Jackie C.<\/p>\n<p>P.D. Recuerden \u00e9ste Mi\u00e9rcoles la reuni\u00f3n de damas ser\u00e1 en el apartamento de Jackie Mendez, le ayudaremos a mover a su nueva casa \ud83d\ude42<\/p>\n","protected":false},"excerpt":{"rendered":"<p>Gracias a Dios por la linda noche de hoy, gracias a todos por colaborar y ayudar a crear un ambiente donde podemos adorar a Dios y escuchar su palabra. Hoy iniciamos la nueva serie &#8220;Contemplar a Cristo&#8221;.\u00a0Como todos sabemos Jes\u00fas es el hijo de Dios, la segunda persona de la Santa Trinidad, \u00c9l es que &hellip; <a href=\"http:\/\/damas.laiglesiadelacomunidad.com\/?p=1702\" class=\"more-link\">Continue reading <span class=\"screen-reader-text\">Reuni\u00f3n 22 de Sept 2013<\/span> <span class=\"meta-nav\">&rarr;<\/span><\/a><\/p>\n","protected":false},"author":2,"featured_media":0,"comment_status":"open","ping_status":"open","sticky":false,"template":"","format":"chat","meta":{"footnotes":""},"categories":[7],"tags":[],"_links":{"self":[{"href":"http:\/\/damas.laiglesiadelacomunidad.com\/index.php?rest_route=\/wp\/v2\/posts\/1702"}],"collection":[{"href":"http:\/\/damas.laiglesiadelacomunidad.com\/index.php?rest_route=\/wp\/v2\/posts"}],"about":[{"href":"http:\/\/damas.laiglesiadelacomunidad.com\/index.php?rest_route=\/wp\/v2\/types\/post"}],"author":[{"embeddable":true,"href":"http:\/\/damas.laiglesiadelacomunidad.com\/index.php?rest_route=\/wp\/v2\/users\/2"}],"replies":[{"embeddable":true,"href":"http:\/\/damas.laiglesiadelacomunidad.com\/index.php?rest_route=%2Fwp%2Fv2%2Fcomments&post=1702"}],"version-history":[{"count":5,"href":"http:\/\/damas.laiglesiadelacomunidad.com\/index.php?rest_route=\/wp\/v2\/posts\/1702\/revisions"}],"predecessor-version":[{"id":1707,"href":"http:\/\/damas.laiglesiadelacomunidad.com\/index.php?rest_route=\/wp\/v2\/posts\/1702\/revisions\/1707"}],"wp:attachment":[{"href":"http:\/\/damas.laiglesiadelacomunidad.com\/index.php?rest_route=%2Fwp%2Fv2%2Fmedia&parent=1702"}],"wp:term":[{"taxonomy":"category","embeddable":true,"href":"http:\/\/damas.laiglesiadelacomunidad.com\/index.php?rest_route=%2Fwp%2Fv2%2Fcategories&post=1702"},{"taxonomy":"post_tag","embeddable":true,"href":"http:\/\/damas.laiglesiadelacomunidad.com\/index.php?rest_route=%2Fwp%2Fv2%2Ftags&post=1702"}],"curies":[{"name":"wp","href":"https:\/\/api.w.org\/{rel}","templated":true}]}}