{"id":1699,"date":"2013-09-21T11:46:19","date_gmt":"2013-09-21T16:46:19","guid":{"rendered":"http:\/\/damas.laiglesiadelacomunidad.com\/?p=1699"},"modified":"2013-09-21T11:46:19","modified_gmt":"2013-09-21T16:46:19","slug":"versiculos-para-meditar-5","status":"publish","type":"post","link":"http:\/\/damas.laiglesiadelacomunidad.com\/?p=1699","title":{"rendered":"Vers\u00edculos para meditar"},"content":{"rendered":"<p>Ser\u00e1 despreciado y desechado por la humanidad entera. Ser\u00e1 el hombre m\u00e1s sufrido, el m\u00e1s experimentado en el sufrimiento. \u00a1Y nosotros no le daremos la cara! \u00a1Ser\u00e1 menospreciado! \u00a1No lo apreciaremos! Con todo, \u00e9l llevar\u00e1 sobre s\u00ed nuestros males, y sufrir\u00e1 nuestros dolores, mientras nosotros creeremos que Dios lo ha azotado, lo ha herido y humillado. Pero \u00e9l ser\u00e1 herido por nuestros pecados; \u00a1molido por nuestras rebeliones! Sobre \u00e9l vendr\u00e1 el castigo de nuestra paz, y por su llaga seremos sanados. (Isa\u00edas 53:3-5 RVC)<\/p>\n","protected":false},"excerpt":{"rendered":"<p>Ser\u00e1 despreciado y desechado por la humanidad entera. Ser\u00e1 el hombre m\u00e1s sufrido, el m\u00e1s experimentado en el sufrimiento. \u00a1Y nosotros no le daremos la cara! \u00a1Ser\u00e1 menospreciado! \u00a1No lo apreciaremos! Con todo, \u00e9l llevar\u00e1 sobre s\u00ed nuestros males, y sufrir\u00e1 nuestros dolores, mientras nosotros creeremos que Dios lo ha azotado, lo ha herido y &hellip; <a href=\"http:\/\/damas.laiglesiadelacomunidad.com\/?p=1699\" class=\"more-link\">Continue reading <span class=\"screen-reader-text\">Vers\u00edculos para meditar<\/span> <span class=\"meta-nav\">&rarr;<\/span><\/a><\/p>\n","protected":false},"author":2,"featured_media":0,"comment_status":"open","ping_status":"open","sticky":false,"template":"","format":"standard","meta":{"footnotes":""},"categories":[5],"tags":[],"_links":{"self":[{"href":"http:\/\/damas.laiglesiadelacomunidad.com\/index.php?rest_route=\/wp\/v2\/posts\/1699"}],"collection":[{"href":"http:\/\/damas.laiglesiadelacomunidad.com\/index.php?rest_route=\/wp\/v2\/posts"}],"about":[{"href":"http:\/\/damas.laiglesiadelacomunidad.com\/index.php?rest_route=\/wp\/v2\/types\/post"}],"author":[{"embeddable":true,"href":"http:\/\/damas.laiglesiadelacomunidad.com\/index.php?rest_route=\/wp\/v2\/users\/2"}],"replies":[{"embeddable":true,"href":"http:\/\/damas.laiglesiadelacomunidad.com\/index.php?rest_route=%2Fwp%2Fv2%2Fcomments&post=1699"}],"version-history":[{"count":1,"href":"http:\/\/damas.laiglesiadelacomunidad.com\/index.php?rest_route=\/wp\/v2\/posts\/1699\/revisions"}],"predecessor-version":[{"id":1700,"href":"http:\/\/damas.laiglesiadelacomunidad.com\/index.php?rest_route=\/wp\/v2\/posts\/1699\/revisions\/1700"}],"wp:attachment":[{"href":"http:\/\/damas.laiglesiadelacomunidad.com\/index.php?rest_route=%2Fwp%2Fv2%2Fmedia&parent=1699"}],"wp:term":[{"taxonomy":"category","embeddable":true,"href":"http:\/\/damas.laiglesiadelacomunidad.com\/index.php?rest_route=%2Fwp%2Fv2%2Fcategories&post=1699"},{"taxonomy":"post_tag","embeddable":true,"href":"http:\/\/damas.laiglesiadelacomunidad.com\/index.php?rest_route=%2Fwp%2Fv2%2Ftags&post=1699"}],"curies":[{"name":"wp","href":"https:\/\/api.w.org\/{rel}","templated":true}]}}