{"id":1668,"date":"2013-09-17T10:37:46","date_gmt":"2013-09-17T15:37:46","guid":{"rendered":"http:\/\/damas.laiglesiadelacomunidad.com\/?p=1668"},"modified":"2013-09-17T10:37:46","modified_gmt":"2013-09-17T15:37:46","slug":"proverbios-14","status":"publish","type":"post","link":"http:\/\/damas.laiglesiadelacomunidad.com\/?p=1668","title":{"rendered":"Proverbios"},"content":{"rendered":"<p>Las palabras de Dios son todas puras; Dios es el escudo de quienes en \u00e9l conf\u00edan.<br \/>\nNo a\u00f1adas a sus palabras, y \u00e9l no te reprender\u00e1, y tampoco resultar\u00e1s un mentiroso.<br \/>\nSolamente dos cosas te he pedido; \u00a1conc\u00e9demelas antes de que muera! Aparta de m\u00ed la vanidad y la mentira, y no me des pobreza ni riquezas. Dame s\u00f3lo el pan necesario, no sea que, una vez satisfecho, te niegue y diga: \u00ab\u00bfY qui\u00e9n es el Se\u00f1or?\u00bb O que, por ser pobre, llegue yo a robar y ofenda el nombre de mi Dios.<br \/>\nHay algunos que se creen muy puros, aunque no se han purificado de su inmundicia.<br \/>\nLa mujer ad\u00faltera se porta as\u00ed: Come, se limpia la boca, y afirma: \u00abNo he hecho nada malo.\u00bb<br \/>\n (Proverbios 30:5-9, 12, 20 RVC)<\/p>\n","protected":false},"excerpt":{"rendered":"<p>Las palabras de Dios son todas puras; Dios es el escudo de quienes en \u00e9l conf\u00edan. No a\u00f1adas a sus palabras, y \u00e9l no te reprender\u00e1, y tampoco resultar\u00e1s un mentiroso. Solamente dos cosas te he pedido; \u00a1conc\u00e9demelas antes de que muera! Aparta de m\u00ed la vanidad y la mentira, y no me des pobreza &hellip; <a href=\"http:\/\/damas.laiglesiadelacomunidad.com\/?p=1668\" class=\"more-link\">Continue reading <span class=\"screen-reader-text\">Proverbios<\/span> <span class=\"meta-nav\">&rarr;<\/span><\/a><\/p>\n","protected":false},"author":2,"featured_media":0,"comment_status":"open","ping_status":"open","sticky":false,"template":"","format":"standard","meta":{"footnotes":""},"categories":[15],"tags":[],"_links":{"self":[{"href":"http:\/\/damas.laiglesiadelacomunidad.com\/index.php?rest_route=\/wp\/v2\/posts\/1668"}],"collection":[{"href":"http:\/\/damas.laiglesiadelacomunidad.com\/index.php?rest_route=\/wp\/v2\/posts"}],"about":[{"href":"http:\/\/damas.laiglesiadelacomunidad.com\/index.php?rest_route=\/wp\/v2\/types\/post"}],"author":[{"embeddable":true,"href":"http:\/\/damas.laiglesiadelacomunidad.com\/index.php?rest_route=\/wp\/v2\/users\/2"}],"replies":[{"embeddable":true,"href":"http:\/\/damas.laiglesiadelacomunidad.com\/index.php?rest_route=%2Fwp%2Fv2%2Fcomments&post=1668"}],"version-history":[{"count":1,"href":"http:\/\/damas.laiglesiadelacomunidad.com\/index.php?rest_route=\/wp\/v2\/posts\/1668\/revisions"}],"predecessor-version":[{"id":1669,"href":"http:\/\/damas.laiglesiadelacomunidad.com\/index.php?rest_route=\/wp\/v2\/posts\/1668\/revisions\/1669"}],"wp:attachment":[{"href":"http:\/\/damas.laiglesiadelacomunidad.com\/index.php?rest_route=%2Fwp%2Fv2%2Fmedia&parent=1668"}],"wp:term":[{"taxonomy":"category","embeddable":true,"href":"http:\/\/damas.laiglesiadelacomunidad.com\/index.php?rest_route=%2Fwp%2Fv2%2Fcategories&post=1668"},{"taxonomy":"post_tag","embeddable":true,"href":"http:\/\/damas.laiglesiadelacomunidad.com\/index.php?rest_route=%2Fwp%2Fv2%2Ftags&post=1668"}],"curies":[{"name":"wp","href":"https:\/\/api.w.org\/{rel}","templated":true}]}}