{"id":1610,"date":"2013-09-14T10:46:32","date_gmt":"2013-09-14T15:46:32","guid":{"rendered":"http:\/\/damas.laiglesiadelacomunidad.com\/?p=1610"},"modified":"2013-09-14T10:46:32","modified_gmt":"2013-09-14T15:46:32","slug":"proverbios-12","status":"publish","type":"post","link":"http:\/\/damas.laiglesiadelacomunidad.com\/?p=1610","title":{"rendered":"Proverbios"},"content":{"rendered":"<p>No trates de hacerte o\u00edr por un necio, porque \u00e9ste no apreciar\u00e1 tus sabias razones.<br \/>\nAbre tu coraz\u00f3n a la ense\u00f1anza, y tus o\u00eddos a las palabras del saber.<br \/>\nNo dejes de corregir al joven, que no va a morirse si lo castigas con vara. Al contrario, cast\u00edgalo con vara y lo librar\u00e1s de caer en el sepulcro.<br \/>\nNo abrigues en ti envidia por los pecadores, sino mant\u00e9nte siempre en el temor del Se\u00f1or.<br \/>\nHijo m\u00edo, esc\u00fachame y adquiere sabidur\u00eda. Deja que tu coraz\u00f3n enderece el rumbo.<br \/>\nLa verdad y la sabidur\u00eda, la ense\u00f1anza y la inteligencia, son algo que debes comprar y nunca vender.<br \/>\n\u00a1Haz que tu padre y tu madre se alegren! \u00a1Haz que se regocije la madre que te dio a luz!<br \/>\nHijo m\u00edo, entr\u00e9game tu coraz\u00f3n, y no apartes la mirada de mis caminos. (Proverbios 23:9, 12-14, 17, 19, 23, 25, 26 RVC)<\/p>\n","protected":false},"excerpt":{"rendered":"<p>No trates de hacerte o\u00edr por un necio, porque \u00e9ste no apreciar\u00e1 tus sabias razones. Abre tu coraz\u00f3n a la ense\u00f1anza, y tus o\u00eddos a las palabras del saber. No dejes de corregir al joven, que no va a morirse si lo castigas con vara. Al contrario, cast\u00edgalo con vara y lo librar\u00e1s de caer &hellip; <a href=\"http:\/\/damas.laiglesiadelacomunidad.com\/?p=1610\" class=\"more-link\">Continue reading <span class=\"screen-reader-text\">Proverbios<\/span> <span class=\"meta-nav\">&rarr;<\/span><\/a><\/p>\n","protected":false},"author":2,"featured_media":0,"comment_status":"open","ping_status":"open","sticky":false,"template":"","format":"standard","meta":{"footnotes":""},"categories":[15],"tags":[],"_links":{"self":[{"href":"http:\/\/damas.laiglesiadelacomunidad.com\/index.php?rest_route=\/wp\/v2\/posts\/1610"}],"collection":[{"href":"http:\/\/damas.laiglesiadelacomunidad.com\/index.php?rest_route=\/wp\/v2\/posts"}],"about":[{"href":"http:\/\/damas.laiglesiadelacomunidad.com\/index.php?rest_route=\/wp\/v2\/types\/post"}],"author":[{"embeddable":true,"href":"http:\/\/damas.laiglesiadelacomunidad.com\/index.php?rest_route=\/wp\/v2\/users\/2"}],"replies":[{"embeddable":true,"href":"http:\/\/damas.laiglesiadelacomunidad.com\/index.php?rest_route=%2Fwp%2Fv2%2Fcomments&post=1610"}],"version-history":[{"count":1,"href":"http:\/\/damas.laiglesiadelacomunidad.com\/index.php?rest_route=\/wp\/v2\/posts\/1610\/revisions"}],"predecessor-version":[{"id":1611,"href":"http:\/\/damas.laiglesiadelacomunidad.com\/index.php?rest_route=\/wp\/v2\/posts\/1610\/revisions\/1611"}],"wp:attachment":[{"href":"http:\/\/damas.laiglesiadelacomunidad.com\/index.php?rest_route=%2Fwp%2Fv2%2Fmedia&parent=1610"}],"wp:term":[{"taxonomy":"category","embeddable":true,"href":"http:\/\/damas.laiglesiadelacomunidad.com\/index.php?rest_route=%2Fwp%2Fv2%2Fcategories&post=1610"},{"taxonomy":"post_tag","embeddable":true,"href":"http:\/\/damas.laiglesiadelacomunidad.com\/index.php?rest_route=%2Fwp%2Fv2%2Ftags&post=1610"}],"curies":[{"name":"wp","href":"https:\/\/api.w.org\/{rel}","templated":true}]}}