{"id":1607,"date":"2013-09-13T04:58:46","date_gmt":"2013-09-13T09:58:46","guid":{"rendered":"http:\/\/damas.laiglesiadelacomunidad.com\/?p=1607"},"modified":"2014-02-28T11:00:33","modified_gmt":"2014-02-28T17:00:33","slug":"proverbios-11","status":"publish","type":"post","link":"http:\/\/damas.laiglesiadelacomunidad.com\/?p=1607","title":{"rendered":"Proverbios"},"content":{"rendered":"<p>Ense\u00f1a al ni\u00f1o a seguir fielmente su camino, y aunque llegue a anciano no se apartar\u00e1 de \u00e9l.<br \/>\n \u00a1Bendito sea quien ve a otros con bondad y comparte su pan con el indigente!<br \/>\n Expulsa al blasfemo, y se acabar\u00e1n las peleas, cesar\u00e1n los pleitos y las ofensas.<br \/>\nEl Se\u00f1or es guardi\u00e1n del conocimiento, pero trastorna los planes de los traidores.<br \/>\nLa necedad va ligada al coraz\u00f3n del joven, pero la vara disciplinaria le quita lo necio.<br \/>\nNo tengas nada que ver con gente violenta, ni te hagas amigo de gente agresiva, para que no imites su conducta y t\u00fa mismo te tiendas una trampa.<br \/>\nNo te comprometas por otros, ni salgas fiador de nadie. \u00bfPor qu\u00e9 han de quitarte hasta la cama si resulta que no tienes con qu\u00e9 pagar?<br \/>\n(Proverbios 22:6, 9, 10, 12, 15, 24-27 RVC)<\/p>\n","protected":false},"excerpt":{"rendered":"<p>Ense\u00f1a al ni\u00f1o a seguir fielmente su camino, y aunque llegue a anciano no se apartar\u00e1 de \u00e9l. \u00a1Bendito sea quien ve a otros con bondad y comparte su pan con el indigente! Expulsa al blasfemo, y se acabar\u00e1n las peleas, cesar\u00e1n los pleitos y las ofensas. El Se\u00f1or es guardi\u00e1n del conocimiento, pero trastorna &hellip; <a href=\"http:\/\/damas.laiglesiadelacomunidad.com\/?p=1607\" class=\"more-link\">Continue reading <span class=\"screen-reader-text\">Proverbios<\/span> <span class=\"meta-nav\">&rarr;<\/span><\/a><\/p>\n","protected":false},"author":2,"featured_media":0,"comment_status":"open","ping_status":"open","sticky":false,"template":"","format":"standard","meta":{"footnotes":""},"categories":[15],"tags":[],"_links":{"self":[{"href":"http:\/\/damas.laiglesiadelacomunidad.com\/index.php?rest_route=\/wp\/v2\/posts\/1607"}],"collection":[{"href":"http:\/\/damas.laiglesiadelacomunidad.com\/index.php?rest_route=\/wp\/v2\/posts"}],"about":[{"href":"http:\/\/damas.laiglesiadelacomunidad.com\/index.php?rest_route=\/wp\/v2\/types\/post"}],"author":[{"embeddable":true,"href":"http:\/\/damas.laiglesiadelacomunidad.com\/index.php?rest_route=\/wp\/v2\/users\/2"}],"replies":[{"embeddable":true,"href":"http:\/\/damas.laiglesiadelacomunidad.com\/index.php?rest_route=%2Fwp%2Fv2%2Fcomments&post=1607"}],"version-history":[{"count":1,"href":"http:\/\/damas.laiglesiadelacomunidad.com\/index.php?rest_route=\/wp\/v2\/posts\/1607\/revisions"}],"predecessor-version":[{"id":1608,"href":"http:\/\/damas.laiglesiadelacomunidad.com\/index.php?rest_route=\/wp\/v2\/posts\/1607\/revisions\/1608"}],"wp:attachment":[{"href":"http:\/\/damas.laiglesiadelacomunidad.com\/index.php?rest_route=%2Fwp%2Fv2%2Fmedia&parent=1607"}],"wp:term":[{"taxonomy":"category","embeddable":true,"href":"http:\/\/damas.laiglesiadelacomunidad.com\/index.php?rest_route=%2Fwp%2Fv2%2Fcategories&post=1607"},{"taxonomy":"post_tag","embeddable":true,"href":"http:\/\/damas.laiglesiadelacomunidad.com\/index.php?rest_route=%2Fwp%2Fv2%2Ftags&post=1607"}],"curies":[{"name":"wp","href":"https:\/\/api.w.org\/{rel}","templated":true}]}}