{"id":1584,"date":"2013-09-11T20:42:46","date_gmt":"2013-09-12T01:42:46","guid":{"rendered":"http:\/\/damas.laiglesiadelacomunidad.com\/?p=1584"},"modified":"2013-09-11T21:13:29","modified_gmt":"2013-09-12T02:13:29","slug":"estudio-11-de-sept","status":"publish","type":"post","link":"http:\/\/damas.laiglesiadelacomunidad.com\/?p=1584","title":{"rendered":"Estudio 11 de Sept."},"content":{"rendered":"<p>Gracias a Dios por la reuni\u00f3n de hoy, gracias a todas las que asistieron a pesar de la lluvia, que bendici\u00f3n fue verlas, gracias a todas por sus comentarios, por sus testimonios, que lindo es ver como Dios esta tocando nuestros corazones y dandonos el disernimiento para reconocer la gran gracia y el gran amor que \u00c9l tiene para nosotras.<\/p>\n<p>La idea grande del estudio fue la misma del mensaje del domingo, <strong>El Evangelio es la soluci\u00f3n a nuestros problemas.\u00a0<\/strong>La semana pasada nos pusimos el reto de decir el evangelio en 30 segundos, eso es muy \u00fatil para nosotras para que cada d\u00eda recordemos que somos malas, pecamos, somos rebeldes, Dios nos ofrece su gracia, nosotras tenemos que aceptar la gracia de Dios para no caer en el libertinaje ni en la condenaci\u00f3n sino que tenemos que reconocer nuestro pecado, luchar contra ese pecado y rechazar ser esclavas de ese pecado, reconocer que la gracia de Dios en nosotras es abundante y \u00a0reconocer el imenso amor que \u00c9l nos ha mostrado al enviar a su hijo amado a morir por nosotras. Este proceso tenemos que repertirlo d\u00eda a d\u00eda, porque d\u00eda a d\u00eda nos revelamos contra Dios. Saber el evangelio tambi\u00e9n nos ayuda a hablar con otras personas en el tiempo corto que tenemos con ella y hablar del sacrificio que Jes\u00fas hizo tambi\u00e9n por ellas, que lo \u00fanico que \u00c9l pide es que reconozcan que han pecado y decidan arrepentirse y bautizarse para el perd\u00f3n de esos pecado, recibir el Esp\u00edritu Santo y tener vida eterna al lado de nuestro Padre.<\/p>\n<p><strong>Pero gracias a Dios, que en Cristo Jes\u00fas siempre nos hace salir triunfantes, y que por medio de nosotros manifiesta en todas partes el aroma de su conocimiento.\u00a0Ciertamente, para Dios somos el fragante aroma de Cristo, tanto en los que se salvan como en los que se pierden.\u00a0Para \u00e9stos somos olor de muerte, que lleva a la muerte, y para aqu\u00e9llos somos olor de vida que lleva a la vida. \u00bfQui\u00e9n est\u00e1 calificado para una tarea tan importante?Nosotros no somos como muchos, que negocian con la palabra de Dios, sino que hablamos de Cristo con sinceridad, como enviados por Dios, y en la presencia de Dios.<\/strong> 2 Cor. 2 14-17<\/p>\n<p>Dios les de un buen resto de semana y las bendiga siempre;<\/p>\n<p>Jackie C.<\/p>\n<p>P.D.<\/p>\n<p>Feliz Cumplea\u00f1os Larry, gracias a todas por darle un d\u00eda especial.<a style=\"line-height: 1.5;\" href=\"http:\/\/damas.laiglesiadelacomunidad.com\/wp-content\/uploads\/2013\/09\/20130911-204144.jpg\"><img decoding=\"async\" class=\"alignnone size-full\" alt=\"20130911-204144.jpg\" src=\"http:\/\/damas.laiglesiadelacomunidad.com\/wp-content\/uploads\/2013\/09\/20130911-204144.jpg\" \/><\/a><\/p>\n<p><a href=\"http:\/\/damas.laiglesiadelacomunidad.com\/wp-content\/uploads\/2013\/09\/20130911-204206.jpg\"><img decoding=\"async\" class=\"alignnone size-full\" alt=\"20130911-204206.jpg\" src=\"http:\/\/damas.laiglesiadelacomunidad.com\/wp-content\/uploads\/2013\/09\/20130911-204206.jpg\" \/><\/a><\/p>\n<p><a href=\"http:\/\/damas.laiglesiadelacomunidad.com\/wp-content\/uploads\/2013\/09\/20130911-204219.jpg\"><img decoding=\"async\" class=\"alignnone size-full\" alt=\"20130911-204219.jpg\" src=\"http:\/\/damas.laiglesiadelacomunidad.com\/wp-content\/uploads\/2013\/09\/20130911-204219.jpg\" \/><\/a><\/p>\n<p><a href=\"http:\/\/damas.laiglesiadelacomunidad.com\/wp-content\/uploads\/2013\/09\/20130911-204503.jpg\"><img decoding=\"async\" class=\"alignnone size-full\" alt=\"20130911-204503.jpg\" src=\"http:\/\/damas.laiglesiadelacomunidad.com\/wp-content\/uploads\/2013\/09\/20130911-204503.jpg\" \/><\/a><\/p>\n","protected":false},"excerpt":{"rendered":"<p>Gracias a Dios por la reuni\u00f3n de hoy, gracias a todas las que asistieron a pesar de la lluvia, que bendici\u00f3n fue verlas, gracias a todas por sus comentarios, por sus testimonios, que lindo es ver como Dios esta tocando nuestros corazones y dandonos el disernimiento para reconocer la gran gracia y el gran amor &hellip; <a href=\"http:\/\/damas.laiglesiadelacomunidad.com\/?p=1584\" class=\"more-link\">Continue reading <span class=\"screen-reader-text\">Estudio 11 de Sept.<\/span> <span class=\"meta-nav\">&rarr;<\/span><\/a><\/p>\n","protected":false},"author":2,"featured_media":0,"comment_status":"open","ping_status":"open","sticky":false,"template":"","format":"video","meta":{"footnotes":""},"categories":[6],"tags":[],"_links":{"self":[{"href":"http:\/\/damas.laiglesiadelacomunidad.com\/index.php?rest_route=\/wp\/v2\/posts\/1584"}],"collection":[{"href":"http:\/\/damas.laiglesiadelacomunidad.com\/index.php?rest_route=\/wp\/v2\/posts"}],"about":[{"href":"http:\/\/damas.laiglesiadelacomunidad.com\/index.php?rest_route=\/wp\/v2\/types\/post"}],"author":[{"embeddable":true,"href":"http:\/\/damas.laiglesiadelacomunidad.com\/index.php?rest_route=\/wp\/v2\/users\/2"}],"replies":[{"embeddable":true,"href":"http:\/\/damas.laiglesiadelacomunidad.com\/index.php?rest_route=%2Fwp%2Fv2%2Fcomments&post=1584"}],"version-history":[{"count":8,"href":"http:\/\/damas.laiglesiadelacomunidad.com\/index.php?rest_route=\/wp\/v2\/posts\/1584\/revisions"}],"predecessor-version":[{"id":1594,"href":"http:\/\/damas.laiglesiadelacomunidad.com\/index.php?rest_route=\/wp\/v2\/posts\/1584\/revisions\/1594"}],"wp:attachment":[{"href":"http:\/\/damas.laiglesiadelacomunidad.com\/index.php?rest_route=%2Fwp%2Fv2%2Fmedia&parent=1584"}],"wp:term":[{"taxonomy":"category","embeddable":true,"href":"http:\/\/damas.laiglesiadelacomunidad.com\/index.php?rest_route=%2Fwp%2Fv2%2Fcategories&post=1584"},{"taxonomy":"post_tag","embeddable":true,"href":"http:\/\/damas.laiglesiadelacomunidad.com\/index.php?rest_route=%2Fwp%2Fv2%2Ftags&post=1584"}],"curies":[{"name":"wp","href":"https:\/\/api.w.org\/{rel}","templated":true}]}}