{"id":1579,"date":"2013-09-11T06:58:46","date_gmt":"2013-09-11T11:58:46","guid":{"rendered":"http:\/\/damas.laiglesiadelacomunidad.com\/?p=1579"},"modified":"2013-09-11T06:58:46","modified_gmt":"2013-09-11T11:58:46","slug":"proverbios-9","status":"publish","type":"post","link":"http:\/\/damas.laiglesiadelacomunidad.com\/?p=1579","title":{"rendered":"Proverbios"},"content":{"rendered":"<p>El amigo ama en todo momento; en tiempos de angustia es como un hermano.<br \/>\n\u00a1Qu\u00e9 poco inteligente es comprometerse y salir fiador en favor de un amigo!<br \/>\nUn coraz\u00f3n alegre es la mejor medicina; un \u00e1nimo triste deprime a todo el cuerpo.<br \/>\nEl rostro inteligente refleja sabidur\u00eda, pero el necio vaga con la mirada perdida.<br \/>\nEl hijo necio pone triste a su padre y le amarga la vida a su madre.<br \/>\n Cuando el necio calla, pasa por sabio; cuando no abre la boca, pasa por inteligente.<br \/>\n(Proverbios 17:17, 18, 22, 24, 25, 28 RVC)<\/p>\n","protected":false},"excerpt":{"rendered":"<p>El amigo ama en todo momento; en tiempos de angustia es como un hermano. \u00a1Qu\u00e9 poco inteligente es comprometerse y salir fiador en favor de un amigo! Un coraz\u00f3n alegre es la mejor medicina; un \u00e1nimo triste deprime a todo el cuerpo. El rostro inteligente refleja sabidur\u00eda, pero el necio vaga con la mirada perdida. &hellip; <a href=\"http:\/\/damas.laiglesiadelacomunidad.com\/?p=1579\" class=\"more-link\">Continue reading <span class=\"screen-reader-text\">Proverbios<\/span> <span class=\"meta-nav\">&rarr;<\/span><\/a><\/p>\n","protected":false},"author":2,"featured_media":0,"comment_status":"open","ping_status":"open","sticky":false,"template":"","format":"standard","meta":{"footnotes":""},"categories":[15],"tags":[],"_links":{"self":[{"href":"http:\/\/damas.laiglesiadelacomunidad.com\/index.php?rest_route=\/wp\/v2\/posts\/1579"}],"collection":[{"href":"http:\/\/damas.laiglesiadelacomunidad.com\/index.php?rest_route=\/wp\/v2\/posts"}],"about":[{"href":"http:\/\/damas.laiglesiadelacomunidad.com\/index.php?rest_route=\/wp\/v2\/types\/post"}],"author":[{"embeddable":true,"href":"http:\/\/damas.laiglesiadelacomunidad.com\/index.php?rest_route=\/wp\/v2\/users\/2"}],"replies":[{"embeddable":true,"href":"http:\/\/damas.laiglesiadelacomunidad.com\/index.php?rest_route=%2Fwp%2Fv2%2Fcomments&post=1579"}],"version-history":[{"count":1,"href":"http:\/\/damas.laiglesiadelacomunidad.com\/index.php?rest_route=\/wp\/v2\/posts\/1579\/revisions"}],"predecessor-version":[{"id":1580,"href":"http:\/\/damas.laiglesiadelacomunidad.com\/index.php?rest_route=\/wp\/v2\/posts\/1579\/revisions\/1580"}],"wp:attachment":[{"href":"http:\/\/damas.laiglesiadelacomunidad.com\/index.php?rest_route=%2Fwp%2Fv2%2Fmedia&parent=1579"}],"wp:term":[{"taxonomy":"category","embeddable":true,"href":"http:\/\/damas.laiglesiadelacomunidad.com\/index.php?rest_route=%2Fwp%2Fv2%2Fcategories&post=1579"},{"taxonomy":"post_tag","embeddable":true,"href":"http:\/\/damas.laiglesiadelacomunidad.com\/index.php?rest_route=%2Fwp%2Fv2%2Ftags&post=1579"}],"curies":[{"name":"wp","href":"https:\/\/api.w.org\/{rel}","templated":true}]}}