{"id":1577,"date":"2013-09-11T00:27:50","date_gmt":"2013-09-11T05:27:50","guid":{"rendered":"http:\/\/damas.laiglesiadelacomunidad.com\/?p=1577"},"modified":"2013-09-11T00:29:36","modified_gmt":"2013-09-11T05:29:36","slug":"versiculos-de-luchador-perdonar","status":"publish","type":"post","link":"http:\/\/damas.laiglesiadelacomunidad.com\/?p=1577","title":{"rendered":"Vers\u00edculos de luchador ( perdonar)"},"content":{"rendered":"<p>Pero si alguno me ha causado tristeza, no me la ha causado s\u00f3lo a m\u00ed sino, en cierto modo, a todos ustedes (y espero no exagerar). El castigo que muchos de ustedes le impusieron a esa persona, es suficiente. Ahora deben perdonarlo y consolarlo, pues de lo contrario podr\u00eda consumirlo la tristeza. Por tanto, les ruego que confirmen su amor hacia \u00e9l. Tambi\u00e9n les escrib\u00ed para comprobar la obediencia de ustedes en todo. As\u00ed que a quien ustedes perdonen, yo tambi\u00e9n lo perdono. Y se lo perdono, si es que hay algo que perdonar, por consideraci\u00f3n a ustedes en la presencia de Cristo; no vaya a ser que Satan\u00e1s se aproveche de nosotros, pues conocemos sus malignas intenciones. (2 Corintios 2:5-11 RVC)<\/p>\n","protected":false},"excerpt":{"rendered":"<p>Pero si alguno me ha causado tristeza, no me la ha causado s\u00f3lo a m\u00ed sino, en cierto modo, a todos ustedes (y espero no exagerar). El castigo que muchos de ustedes le impusieron a esa persona, es suficiente. Ahora deben perdonarlo y consolarlo, pues de lo contrario podr\u00eda consumirlo la tristeza. Por tanto, les &hellip; <a href=\"http:\/\/damas.laiglesiadelacomunidad.com\/?p=1577\" class=\"more-link\">Continue reading <span class=\"screen-reader-text\">Vers\u00edculos de luchador ( perdonar)<\/span> <span class=\"meta-nav\">&rarr;<\/span><\/a><\/p>\n","protected":false},"author":2,"featured_media":0,"comment_status":"open","ping_status":"open","sticky":false,"template":"","format":"chat","meta":{"footnotes":""},"categories":[5],"tags":[],"_links":{"self":[{"href":"http:\/\/damas.laiglesiadelacomunidad.com\/index.php?rest_route=\/wp\/v2\/posts\/1577"}],"collection":[{"href":"http:\/\/damas.laiglesiadelacomunidad.com\/index.php?rest_route=\/wp\/v2\/posts"}],"about":[{"href":"http:\/\/damas.laiglesiadelacomunidad.com\/index.php?rest_route=\/wp\/v2\/types\/post"}],"author":[{"embeddable":true,"href":"http:\/\/damas.laiglesiadelacomunidad.com\/index.php?rest_route=\/wp\/v2\/users\/2"}],"replies":[{"embeddable":true,"href":"http:\/\/damas.laiglesiadelacomunidad.com\/index.php?rest_route=%2Fwp%2Fv2%2Fcomments&post=1577"}],"version-history":[{"count":1,"href":"http:\/\/damas.laiglesiadelacomunidad.com\/index.php?rest_route=\/wp\/v2\/posts\/1577\/revisions"}],"predecessor-version":[{"id":1578,"href":"http:\/\/damas.laiglesiadelacomunidad.com\/index.php?rest_route=\/wp\/v2\/posts\/1577\/revisions\/1578"}],"wp:attachment":[{"href":"http:\/\/damas.laiglesiadelacomunidad.com\/index.php?rest_route=%2Fwp%2Fv2%2Fmedia&parent=1577"}],"wp:term":[{"taxonomy":"category","embeddable":true,"href":"http:\/\/damas.laiglesiadelacomunidad.com\/index.php?rest_route=%2Fwp%2Fv2%2Fcategories&post=1577"},{"taxonomy":"post_tag","embeddable":true,"href":"http:\/\/damas.laiglesiadelacomunidad.com\/index.php?rest_route=%2Fwp%2Fv2%2Ftags&post=1577"}],"curies":[{"name":"wp","href":"https:\/\/api.w.org\/{rel}","templated":true}]}}