{"id":1572,"date":"2013-09-09T11:24:29","date_gmt":"2013-09-09T16:24:29","guid":{"rendered":"http:\/\/damas.laiglesiadelacomunidad.com\/?p=1572"},"modified":"2013-09-09T11:33:28","modified_gmt":"2013-09-09T16:33:28","slug":"proverbios-7","status":"publish","type":"post","link":"http:\/\/damas.laiglesiadelacomunidad.com\/?p=1572","title":{"rendered":"Proverbios"},"content":{"rendered":"<p>La mujer sabia edifica su casa, pero la necia la derriba con sus propias manos.<\/p>\n<p>El que teme al Se\u00f1or sigue su camino recto, pero el que anda en malos pasos lo desde\u00f1a.<\/p>\n<p>Los labios del necio derraman soberbia; los labios de los sabios son su protecci\u00f3n.<\/p>\n<p>El testigo verdadero no miente; el testigo falso esparce calumnias.<\/p>\n<p>No te juntes con gente necia, porque nada aprender\u00e1s de lo que te digan.<\/p>\n<p>Cada coraz\u00f3n conoce su propia amargura, y ning\u00fan extra\u00f1o participa de su alegr\u00eda.<\/p>\n<p>El sabio teme a Dios y se aparta del mal, pero el necio se muestra temerario y engre\u00eddo.<\/p>\n<p>El temor del Se\u00f1or infunde plena confianza, y da esperanza a nuestros hijos.<\/p>\n<p>El temor del Se\u00f1or es un manantial de vida, que nos aparta de los lazos de la muerte. (Proverbios 14:1-3, 5, 7, 10, 16, 26, 27 RVC)<\/p>\n","protected":false},"excerpt":{"rendered":"<p>La mujer sabia edifica su casa, pero la necia la derriba con sus propias manos. El que teme al Se\u00f1or sigue su camino recto, pero el que anda en malos pasos lo desde\u00f1a. Los labios del necio derraman soberbia; los labios de los sabios son su protecci\u00f3n. El testigo verdadero no miente; el testigo falso &hellip; <a href=\"http:\/\/damas.laiglesiadelacomunidad.com\/?p=1572\" class=\"more-link\">Continue reading <span class=\"screen-reader-text\">Proverbios<\/span> <span class=\"meta-nav\">&rarr;<\/span><\/a><\/p>\n","protected":false},"author":2,"featured_media":0,"comment_status":"open","ping_status":"open","sticky":false,"template":"","format":"link","meta":{"footnotes":""},"categories":[15],"tags":[],"_links":{"self":[{"href":"http:\/\/damas.laiglesiadelacomunidad.com\/index.php?rest_route=\/wp\/v2\/posts\/1572"}],"collection":[{"href":"http:\/\/damas.laiglesiadelacomunidad.com\/index.php?rest_route=\/wp\/v2\/posts"}],"about":[{"href":"http:\/\/damas.laiglesiadelacomunidad.com\/index.php?rest_route=\/wp\/v2\/types\/post"}],"author":[{"embeddable":true,"href":"http:\/\/damas.laiglesiadelacomunidad.com\/index.php?rest_route=\/wp\/v2\/users\/2"}],"replies":[{"embeddable":true,"href":"http:\/\/damas.laiglesiadelacomunidad.com\/index.php?rest_route=%2Fwp%2Fv2%2Fcomments&post=1572"}],"version-history":[{"count":2,"href":"http:\/\/damas.laiglesiadelacomunidad.com\/index.php?rest_route=\/wp\/v2\/posts\/1572\/revisions"}],"predecessor-version":[{"id":1574,"href":"http:\/\/damas.laiglesiadelacomunidad.com\/index.php?rest_route=\/wp\/v2\/posts\/1572\/revisions\/1574"}],"wp:attachment":[{"href":"http:\/\/damas.laiglesiadelacomunidad.com\/index.php?rest_route=%2Fwp%2Fv2%2Fmedia&parent=1572"}],"wp:term":[{"taxonomy":"category","embeddable":true,"href":"http:\/\/damas.laiglesiadelacomunidad.com\/index.php?rest_route=%2Fwp%2Fv2%2Fcategories&post=1572"},{"taxonomy":"post_tag","embeddable":true,"href":"http:\/\/damas.laiglesiadelacomunidad.com\/index.php?rest_route=%2Fwp%2Fv2%2Ftags&post=1572"}],"curies":[{"name":"wp","href":"https:\/\/api.w.org\/{rel}","templated":true}]}}